{"id":38411,"date":"2025-04-28T08:44:56","date_gmt":"2025-04-28T11:44:56","guid":{"rendered":"https:\/\/epactaambiental.com.br\/?p=38411"},"modified":"2026-04-28T03:44:58","modified_gmt":"2026-04-28T06:44:58","slug":"digitala-samarbetsplattformar-i-modern-arbetsmiljo-en-djupdykning","status":"publish","type":"post","link":"https:\/\/epactaambiental.com.br\/index.php\/2025\/04\/28\/digitala-samarbetsplattformar-i-modern-arbetsmiljo-en-djupdykning\/","title":{"rendered":"Digitala Samarbetsplattformar i Modern Arbetsmilj\u00f6: En Djupdykning"},"content":{"rendered":"<p>I en v\u00e4rld d\u00e4r distansarbete och hybridarbetsmodeller har blivit normen, har digitala samarbetsverktyg blivit oumb\u00e4rliga f\u00f6r att skapa effektiva och engagerande arbetsmilj\u00f6er. F\u00f6r att f\u00f6rst\u00e5 deras betydelse m\u00e5ste vi f\u00f6rst granska den aktuella technical landscape och de kritiska aspekter som driver deras adoption, samt hur olika plattformar st\u00e5r sig i denna f\u00f6r\u00e4nderliga ekosystem. En relevant resurs i detta sammanhang \u00e4r den <a href=\"https:\/\/ticric.app\/sv\/\"><strong>ticric webbapp f\u00f6r iOS<\/strong><\/a>, en innovativ l\u00f6sning f\u00f6r mobil samarbetsadministration, som exemplifierar den moderna tillg\u00e4nglighet och anv\u00e4ndarcentrerade design som pr\u00e4glar dagens digitala verktyg.<\/p>\n<h2>Den Digitala Transformationen inom Arbetslivet<\/h2>\n<p>Enligt en rapport fr\u00e5n International Data Corporation (IDC) f\u00f6r 2023 f\u00f6rv\u00e4ntas den globala marknaden f\u00f6r samarbetsprogramvara v\u00e4xa med en \u00e5rlig tillv\u00e4xttakt p\u00e5 12,3 %, vilket indikerar en stark acceleration j\u00e4mf\u00f6rt med tidigare \u00e5r. Faktorer som drivs av behovet av flexibilitet, global rekrytering och kravet p\u00e5 att uppr\u00e4tth\u00e5lla arbetsproduktivitet trots geografiska avst\u00e5nd, g\u00f6r dessa verktyg till h\u00f6rnstenar i den moderna arbetsmilj\u00f6n.<\/p>\n<p>Exempelvis har plattformar som Microsoft Teams, Slack och Asana under det senaste decenniet blivit industriella standarder, men \u00e4ven mindre innovativa akt\u00f6rer erbjuder specialanpassade l\u00f6sningar. Inom detta sammanhang framtr\u00e4der mobilanpassade alternativ, d\u00e4r anv\u00e4ndarupplevelsen \u00e4r central, som s\u00e4rskilt viktiga f\u00f6r att m\u00f6jligg\u00f6ra snabb tillg\u00e5ng och \u00f6kad flexibilitet.<\/p>\n<h2>Mobilitet och Anv\u00e4ndarv\u00e4nlighet: Nyckeln till Framg\u00e5ng<\/h2>\n<p>Att integrera effektiva samarbetsverktyg i en anv\u00e4ndares vardag inneb\u00e4r att prioritera tillg\u00e4nglighet, snabbhet och intuitiv design. F\u00f6r f\u00f6retagsledare och HR-specialister handlar det om att kunna skapa en arbetskultur d\u00e4r distans inte \u00e4r ett hinder f\u00f6r samarbete.<\/p>\n<blockquote><p>\n&#8220;De mest framg\u00e5ngsrika digitala verktygen \u00e4r de som smidigt integreras i anv\u00e4ndarens vardag, oavsett tid och plats. Mobilitet \u00e4r inte l\u00e4ngre en f\u00f6rdel, utan ett krav.&#8221;<\/p><\/blockquote>\n<p>Det \u00e4r h\u00e4r ticric webbapp f\u00f6r iOS spelar en avg\u00f6rande roll. Denna plattform, utformad speciellt f\u00f6r iOS-enheter, m\u00f6jligg\u00f6r att teammedlemmar enkelt kan hantera projekt, dela information och kommunicera i realtid, direkt fr\u00e5n sin mobiltelefon eller surfplatta. Detta st\u00e4rker inte bara produktiviteten, utan fr\u00e4mjar \u00e4ven en kultur av snabb respons och tillg\u00e4nglighet \u2013 nyckelfaktorer i dagens hyperdigitaliserade arbetsmilj\u00f6.<\/p>\n<h2>Teknologins Roll i F\u00f6r\u00e4ndringsledning<\/h2>\n<p>Implementering av nya samarbetsverktyg kr\u00e4ver inte bara teknisk f\u00f6rst\u00e5else, utan ocks\u00e5 strategisk f\u00f6r\u00e4ndringsledning. F\u00f6retag m\u00e5ste fr\u00e4mja en kultur d\u00e4r digital kompetens \u00e4r central, och d\u00e4r innovation ses som en m\u00f6jlighet snarare \u00e4n ett hot.<\/p>\n<p>Det \u00e4r h\u00e4r professionella verktyg, som den refererade Ticric webbapp f\u00f6r iOS, kan underl\u00e4tta f\u00f6r\u00e4ndringsarbetet. Deras anv\u00e4ndarcentrerade design och tillg\u00e4nglighet p\u00e5 mobila plattformar g\u00f6r det enklare f\u00f6r anst\u00e4llda att anpassa sig till nya arbetss\u00e4tt och samtidigt beh\u00e5lla kontroll och \u00f6versikt \u00f6ver sina projekt.<\/p>\n<h2>Implementation: Best Practices och Framtidsutsikter<\/h2>\n<table>\n<thead>\n<tr>\n<th>Faktorer<\/th>\n<th>Betydelse<\/th>\n<th>Exempel<\/th>\n<\/tr>\n<\/thead>\n<tbody>\n<tr>\n<td class=\"highlight\">Anv\u00e4ndarcentrerad design<\/td>\n<td>F\u00f6rb\u00e4ttrar adoption och engagemang<\/td>\n<td>Integrerad mobilapp som Ticric webbapp f\u00f6r iOS<\/td>\n<\/tr>\n<tr>\n<td>Integration med andra system<\/td>\n<td>Skapar s\u00f6ml\u00f6sa arbetsfl\u00f6den<\/td>\n<td>Synkronisering med kalender och Messenger<\/td>\n<\/tr>\n<tr>\n<td>Fokus p\u00e5 dataskydd<\/td>\n<td>Bygger f\u00f6rtroende samt s\u00e4kerst\u00e4ller regelefterlevnad<\/td>\n<td>Kryptering och GDPR-anpassade l\u00f6sningar<\/td>\n<\/tr>\n<\/tbody>\n<\/table>\n<p>Framtiden pekar mot att mobilbaserade samarbetsverktyg kommer att bli \u00e4n mer integrerade, med artificiell intelligens och automatisering som integrerade funktioner f\u00f6r att underl\u00e4tta arbetsfl\u00f6den och beslutsfattande.<\/p>\n<h2>Avslutande reflektioner<\/h2>\n<p>Att f\u00f6rst\u00e5 och anpassa sig till de digitala transformationernas krav \u00e4r avg\u00f6rande f\u00f6r framtidens arbetsliv. Verktyg som den Ticric webbapp f\u00f6r iOS visar att innovation inte bara handlar om att introducera ny teknologi, utan att skapa plattformar som \u00e4r digitalt tillg\u00e4ngliga, anv\u00e4ndarv\u00e4nliga och s\u00e4kra. Genom att integrera dessa i strategiska f\u00f6r\u00e4ndringar kan organisationer effektivt navigera den f\u00f6r\u00e4nderliga landskapen och bygga en arbetskultur som fr\u00e4mjar agilt t\u00e4nkande och h\u00f6g transparens.<\/p>\n<div class=\"note\">\n<strong>Viktigt att notera:<\/strong> Implementering av effektiva samarbetsverktyg b\u00f6r alltid ske med ett holistiskt perspektiv, inklusive utbildning, kulturf\u00f6r\u00e4ndringar och systemintegration \u2014 allt f\u00f6r att s\u00e4kerst\u00e4lla maximalt v\u00e4rde och l\u00e5ngsiktig h\u00e5llbarhet.\n<\/div>\n<div class=\"callout\">\n<p><em>Med r\u00e4tt verktyg och r\u00e4tt strategier kan moderna arbetsplatser bli mer inkluderande, produktiva och innovativa \u2013 oavsett varifr\u00e5n man arbetar.<\/em><\/p>\n<\/div>\n","protected":false},"excerpt":{"rendered":"<p>I en v\u00e4rld d\u00e4r distansarbete och hybridarbetsmodeller har blivit normen, har digitala samarbetsverktyg blivit oumb\u00e4rliga f\u00f6r att skapa effektiva och engagerande arbetsmilj\u00f6er. F\u00f6r att f\u00f6rst\u00e5 deras betydelse m\u00e5ste vi f\u00f6rst granska den aktuella technical landscape och de kritiska aspekter som driver deras adoption, samt hur olika plattformar st\u00e5r sig i denna f\u00f6r\u00e4nderliga ekosystem. En relevant &hellip;<\/p>\n<p class=\"read-more\"> <a class=\"\" href=\"https:\/\/epactaambiental.com.br\/index.php\/2025\/04\/28\/digitala-samarbetsplattformar-i-modern-arbetsmiljo-en-djupdykning\/\"> <span class=\"screen-reader-text\">Digitala Samarbetsplattformar i Modern Arbetsmilj\u00f6: En Djupdykning<\/span> Read More &raquo;<\/a><\/p>\n","protected":false},"author":1,"featured_media":0,"comment_status":"open","ping_status":"open","sticky":false,"template":"","format":"standard","meta":{"_uag_custom_page_level_css":"","site-sidebar-layout":"default","site-content-layout":"default","ast-global-header-display":"","ast-banner-title-visibility":"","ast-main-header-display":"","ast-hfb-above-header-display":"","ast-hfb-below-header-display":"","ast-hfb-mobile-header-display":"","site-post-title":"","ast-breadcrumbs-content":"","ast-featured-img":"","footer-sml-layout":"","theme-transparent-header-meta":"","adv-header-id-meta":"","stick-header-meta":"","header-above-stick-meta":"","header-main-stick-meta":"","header-below-stick-meta":"","footnotes":""},"categories":[1],"tags":[],"class_list":["post-38411","post","type-post","status-publish","format-standard","hentry","category-sem-categoria"],"uagb_featured_image_src":{"full":false,"thumbnail":false,"medium":false,"medium_large":false,"large":false,"1536x1536":false,"2048x2048":false,"htmega_size_585x295":false,"htmega_size_1170x536":false,"htmega_size_396x360":false},"uagb_author_info":{"display_name":"epactaambiental","author_link":"https:\/\/epactaambiental.com.br\/index.php\/author\/epactaambiental\/"},"uagb_comment_info":0,"uagb_excerpt":"I en v\u00e4rld d\u00e4r distansarbete och hybridarbetsmodeller har blivit normen, har digitala samarbetsverktyg blivit oumb\u00e4rliga f\u00f6r att skapa effektiva och engagerande arbetsmilj\u00f6er. F\u00f6r att f\u00f6rst\u00e5 deras betydelse m\u00e5ste vi f\u00f6rst granska den aktuella technical landscape och de kritiska aspekter som driver deras adoption, samt hur olika plattformar st\u00e5r sig i denna f\u00f6r\u00e4nderliga ekosystem. En relevant&hellip;","_links":{"self":[{"href":"https:\/\/epactaambiental.com.br\/index.php\/wp-json\/wp\/v2\/posts\/38411","targetHints":{"allow":["GET"]}}],"collection":[{"href":"https:\/\/epactaambiental.com.br\/index.php\/wp-json\/wp\/v2\/posts"}],"about":[{"href":"https:\/\/epactaambiental.com.br\/index.php\/wp-json\/wp\/v2\/types\/post"}],"author":[{"embeddable":true,"href":"https:\/\/epactaambiental.com.br\/index.php\/wp-json\/wp\/v2\/users\/1"}],"replies":[{"embeddable":true,"href":"https:\/\/epactaambiental.com.br\/index.php\/wp-json\/wp\/v2\/comments?post=38411"}],"version-history":[{"count":1,"href":"https:\/\/epactaambiental.com.br\/index.php\/wp-json\/wp\/v2\/posts\/38411\/revisions"}],"predecessor-version":[{"id":38412,"href":"https:\/\/epactaambiental.com.br\/index.php\/wp-json\/wp\/v2\/posts\/38411\/revisions\/38412"}],"wp:attachment":[{"href":"https:\/\/epactaambiental.com.br\/index.php\/wp-json\/wp\/v2\/media?parent=38411"}],"wp:term":[{"taxonomy":"category","embeddable":true,"href":"https:\/\/epactaambiental.com.br\/index.php\/wp-json\/wp\/v2\/categories?post=38411"},{"taxonomy":"post_tag","embeddable":true,"href":"https:\/\/epactaambiental.com.br\/index.php\/wp-json\/wp\/v2\/tags?post=38411"}],"curies":[{"name":"wp","href":"https:\/\/api.w.org\/{rel}","templated":true}]}}