{"id":37303,"date":"2025-04-26T03:08:44","date_gmt":"2025-04-26T06:08:44","guid":{"rendered":"https:\/\/epactaambiental.com.br\/?p=37303"},"modified":"2026-04-25T22:08:49","modified_gmt":"2026-04-26T01:08:49","slug":"transformation-mobile-ux-l-importance-d-une-solution-innovante-pour-la-gestion-digitale","status":"publish","type":"post","link":"https:\/\/epactaambiental.com.br\/index.php\/2025\/04\/26\/transformation-mobile-ux-l-importance-d-une-solution-innovante-pour-la-gestion-digitale\/","title":{"rendered":"Transformation Mobile &#038; UX : L&#8217;Importance d&#8217;une Solution Innovante pour la Gestion Digitale"},"content":{"rendered":"<p>\u00c0 l\u2019\u00e8re du 21e si\u00e8cle, la digitalisation des processus m\u00e9tiers devient une n\u00e9cessit\u00e9 strat\u00e9gique pour les entreprises soucieuses de renforcer leur comp\u00e9titivit\u00e9 et leur agilit\u00e9. L\u2019\u00e9mergence d\u2019outils mobiles performants offre aujourd\u2019hui une opportunit\u00e9 unique de repenser la gestion digitale, en optimisant l\u2019exp\u00e9rience utilisateur (UX) tout en assurant une s\u00e9curit\u00e9 et une fluidit\u00e9 accrues. Dans cet environnement en constante mutation, il est crucial d\u2019adopter des solutions qui allient innovation technologique et adaptation aux nouveaux usages.<\/p>\n<div class=\"section\">\n<h2>Les d\u00e9fis de la gestion digitale dans un contexte mobile<\/h2>\n<p>Selon une \u00e9tude r\u00e9cente men\u00e9e par le cabinet <em>Gartner<\/em>, plus de 80 % des interactions digitales de l\u2019utilisateur moyen se font d\u00e9sormais via un terminal mobile. Cette tendance impose aux entreprises une r\u00e9flexion approfondie sur leur strat\u00e9gie UX (exp\u00e9rience utilisateur) et leur capacit\u00e9 \u00e0 offrir une gestion simplifi\u00e9e et s\u00e9curis\u00e9e \u00e0 partir de dispositifs mobiles.<\/p>\n<p>Parmi les enjeux cl\u00e9s :<\/p>\n<ul>\n<li><strong>Accessibilit\u00e9 accrue :<\/strong> Permettre aux utilisateurs d\u2019acc\u00e9der \u00e0 leurs ressources o\u00f9 qu\u2019ils soient, \u00e0 tout moment.<\/li>\n<li><strong>Exp\u00e9rience utilisateur fluide :<\/strong> Optimiser l\u2019interface pour r\u00e9duire la friction et stimuler l\u2019engagement.<\/li>\n<li><strong>S\u00e9curit\u00e9 renforc\u00e9e :<\/strong> Maintenir un haut niveau de protection face aux cybermenaces croissantes.<\/li>\n<li><strong>Int\u00e9gration transparente :<\/strong> Connecter les diverses plateformes et syst\u00e8mes pour une gestion unifi\u00e9e.<\/li>\n<\/ul>\n<\/div>\n<div class=\"section\">\n<h2>Les solutions technologiques pour r\u00e9pondre \u00e0 ces enjeux<\/h2>\n<p>Face \u00e0 ces d\u00e9fis, il est indispensable d\u2019adopter des outils num\u00e9riques adapt\u00e9s, hybrides, modulaires et \u00e9volutifs. Parmi les innovations qui transforment le paysage, certaines se d\u00e9marquent par leur capacit\u00e9 \u00e0 r\u00e9pondre concr\u00e8tement aux attentes des utilisateurs modernes.<\/p>\n<p>Les plateformes mobiles agiles favorisent une gestion centralis\u00e9e avec une interface intuitive, permettant aux responsables de suivre en temps r\u00e9el l\u2019\u00e9tat de leurs op\u00e9rations. Ces solutions int\u00e8grent souvent des fonctionnalit\u00e9s avanc\u00e9es telles que :<\/p>\n<table>\n<thead>\n<tr>\n<th>Fonctionnalit\u00e9<\/th>\n<th>Description<\/th>\n<th>Impact<\/th>\n<\/tr>\n<\/thead>\n<tbody>\n<tr>\n<td>Authentification biom\u00e9trique<\/td>\n<td>Utilisation de l\u2019empreinte digitale ou reconnaissance faciale pour un acc\u00e8s s\u00e9curis\u00e9<\/td>\n<td>Am\u00e9liore la s\u00e9curit\u00e9 tout en simplifiant le d\u00e9verrouillage<\/td>\n<\/tr>\n<tr>\n<td>Notifications en temps r\u00e9el<\/td>\n<td>Alertes instantan\u00e9es pour une remont\u00e9e d\u2019information imm\u00e9diate<\/td>\n<td>Augmente la r\u00e9activit\u00e9 et la r\u00e9activit\u00e9 op\u00e9rationnelle<\/td>\n<\/tr>\n<tr>\n<td>Interface adaptative<\/td>\n<td>Design responsive pour une exp\u00e9rience homog\u00e8ne sur tous appareils<\/td>\n<td>Maximise la convivialit\u00e9 et minimise la courbe d\u2019apprentissage<\/td>\n<\/tr>\n<tr>\n<td>Int\u00e9gration cloud<\/td>\n<td>Stockage et gestion des donn\u00e9es dans le nuage<\/td>\n<td>Facilite la collaboration \u00e0 distance et la scalabilit\u00e9<\/td>\n<\/tr>\n<\/tbody>\n<\/table>\n<\/div>\n<div class=\"section\">\n<h2>Une avanc\u00e9e r\u00e9cente : la mobilit\u00e9 avec Chibatix<\/h2>\n<p>Pour illustrer concr\u00e8tement ces tendances, il est judicieux de mentionner une plateforme innovante qui a retenu l\u2019attention dans le secteur : <a href=\"https:\/\/chibatix.app\/fr\/\"><strong>d\u00e9couvrir Chibatix sur mobile<\/strong><\/a>. Con\u00e7ue pour r\u00e9pondre aux besoins croissants de mobilit\u00e9 et d\u2019interconnexion, cette solution offre une interface intuitive, une gestion simplifi\u00e9e, et une s\u00e9curit\u00e9 avanc\u00e9e adapt\u00e9e aux usages professionnels modernes.<\/p>\n<p>Ce qui distingue Chibatix, c\u2019est sa capacit\u00e9 \u00e0 centraliser diverses fonctions m\u00e9tiers dans une seule application, avec une ergonomie optimis\u00e9e pour une utilisation smartphone. En int\u00e9grant des fonctionnalit\u00e9s telles que la gestion documentaire, la communication en temps r\u00e9el, et la planification des t\u00e2ches, elle permet aux entreprises de maintenir une op\u00e9ration fluide et s\u00e9curis\u00e9e, m\u00eame lorsque leurs \u00e9quipes sont en d\u00e9placement ou travaillent \u00e0 distance.<\/p>\n<blockquote>\n<p>&#8220;Adapter ses outils de gestion \u00e0 la mobilit\u00e9 n\u2019est plus une option, mais une n\u00e9cessit\u00e9 comp\u00e9titive. La plateforme Chibatix incarne cette transformation, en alliant simplicit\u00e9 d\u2019usage et s\u00e9curit\u00e9 avanc\u00e9e.&#8221;<\/p>\n<\/blockquote>\n<h2>Conclusion : L\u2019avenir de la gestion digitale mobile<\/h2>\n<p>Dans un contexte o\u00f9 l\u2019agilit\u00e9 et la s\u00e9curit\u00e9 d\u00e9terminent la r\u00e9ussite organisationnelle, les entreprises qui adoptent rapidement des solutions innovantes telles que celles propos\u00e9es par d\u00e9couvrir Chibatix sur mobile se positionnent \u00e0 l\u2019avant-garde de leur secteur. La convergence de l\u2019UX optimis\u00e9e, de la gestion centralis\u00e9e, et des capacit\u00e9s mobiles constitue aujourd\u2019hui un vecteur strat\u00e9gique incontournable pour p\u00e9renniser la croissance et r\u00e9pondre efficacement aux nouvelles exigences du march\u00e9.<\/p>\n<p>En somme, la transformation mobile ne doit pas \u00eatre per\u00e7ue comme une simple \u00e9volution technologique, mais comme une refonte profonde de la mani\u00e8re dont les organisations interagissent avec leur environnement num\u00e9rique. La cl\u00e9 r\u00e9side dans la s\u00e9lection et l\u2019impl\u00e9mentation d\u2019outils performants, fiables et intuitifs, pour b\u00e2tir une dynamique digitale tourn\u00e9e vers l\u2019avenir.<\/p>\n<\/div>\n","protected":false},"excerpt":{"rendered":"<p>\u00c0 l\u2019\u00e8re du 21e si\u00e8cle, la digitalisation des processus m\u00e9tiers devient une n\u00e9cessit\u00e9 strat\u00e9gique pour les entreprises soucieuses de renforcer leur comp\u00e9titivit\u00e9 et leur agilit\u00e9. L\u2019\u00e9mergence d\u2019outils mobiles performants offre aujourd\u2019hui une opportunit\u00e9 unique de repenser la gestion digitale, en optimisant l\u2019exp\u00e9rience utilisateur (UX) tout en assurant une s\u00e9curit\u00e9 et une fluidit\u00e9 accrues. Dans cet &hellip;<\/p>\n<p class=\"read-more\"> <a class=\"\" href=\"https:\/\/epactaambiental.com.br\/index.php\/2025\/04\/26\/transformation-mobile-ux-l-importance-d-une-solution-innovante-pour-la-gestion-digitale\/\"> <span class=\"screen-reader-text\">Transformation Mobile &#038; UX : L&#8217;Importance d&#8217;une Solution Innovante pour la Gestion Digitale<\/span> Read More &raquo;<\/a><\/p>\n","protected":false},"author":1,"featured_media":0,"comment_status":"open","ping_status":"open","sticky":false,"template":"","format":"standard","meta":{"_uag_custom_page_level_css":"","site-sidebar-layout":"default","site-content-layout":"default","ast-global-header-display":"","ast-banner-title-visibility":"","ast-main-header-display":"","ast-hfb-above-header-display":"","ast-hfb-below-header-display":"","ast-hfb-mobile-header-display":"","site-post-title":"","ast-breadcrumbs-content":"","ast-featured-img":"","footer-sml-layout":"","theme-transparent-header-meta":"","adv-header-id-meta":"","stick-header-meta":"","header-above-stick-meta":"","header-main-stick-meta":"","header-below-stick-meta":"","footnotes":""},"categories":[1],"tags":[],"class_list":["post-37303","post","type-post","status-publish","format-standard","hentry","category-sem-categoria"],"uagb_featured_image_src":{"full":false,"thumbnail":false,"medium":false,"medium_large":false,"large":false,"1536x1536":false,"2048x2048":false,"htmega_size_585x295":false,"htmega_size_1170x536":false,"htmega_size_396x360":false},"uagb_author_info":{"display_name":"epactaambiental","author_link":"https:\/\/epactaambiental.com.br\/index.php\/author\/epactaambiental\/"},"uagb_comment_info":0,"uagb_excerpt":"\u00c0 l\u2019\u00e8re du 21e si\u00e8cle, la digitalisation des processus m\u00e9tiers devient une n\u00e9cessit\u00e9 strat\u00e9gique pour les entreprises soucieuses de renforcer leur comp\u00e9titivit\u00e9 et leur agilit\u00e9. L\u2019\u00e9mergence d\u2019outils mobiles performants offre aujourd\u2019hui une opportunit\u00e9 unique de repenser la gestion digitale, en optimisant l\u2019exp\u00e9rience utilisateur (UX) tout en assurant une s\u00e9curit\u00e9 et une fluidit\u00e9 accrues. Dans cet&hellip;","_links":{"self":[{"href":"https:\/\/epactaambiental.com.br\/index.php\/wp-json\/wp\/v2\/posts\/37303","targetHints":{"allow":["GET"]}}],"collection":[{"href":"https:\/\/epactaambiental.com.br\/index.php\/wp-json\/wp\/v2\/posts"}],"about":[{"href":"https:\/\/epactaambiental.com.br\/index.php\/wp-json\/wp\/v2\/types\/post"}],"author":[{"embeddable":true,"href":"https:\/\/epactaambiental.com.br\/index.php\/wp-json\/wp\/v2\/users\/1"}],"replies":[{"embeddable":true,"href":"https:\/\/epactaambiental.com.br\/index.php\/wp-json\/wp\/v2\/comments?post=37303"}],"version-history":[{"count":1,"href":"https:\/\/epactaambiental.com.br\/index.php\/wp-json\/wp\/v2\/posts\/37303\/revisions"}],"predecessor-version":[{"id":37304,"href":"https:\/\/epactaambiental.com.br\/index.php\/wp-json\/wp\/v2\/posts\/37303\/revisions\/37304"}],"wp:attachment":[{"href":"https:\/\/epactaambiental.com.br\/index.php\/wp-json\/wp\/v2\/media?parent=37303"}],"wp:term":[{"taxonomy":"category","embeddable":true,"href":"https:\/\/epactaambiental.com.br\/index.php\/wp-json\/wp\/v2\/categories?post=37303"},{"taxonomy":"post_tag","embeddable":true,"href":"https:\/\/epactaambiental.com.br\/index.php\/wp-json\/wp\/v2\/tags?post=37303"}],"curies":[{"name":"wp","href":"https:\/\/api.w.org\/{rel}","templated":true}]}}