{"id":37222,"date":"2025-04-26T02:24:05","date_gmt":"2025-04-26T05:24:05","guid":{"rendered":"https:\/\/epactaambiental.com.br\/?p=37222"},"modified":"2026-04-25T21:24:07","modified_gmt":"2026-04-26T00:24:07","slug":"effektiv-billededeling-i-den-digitale-aera-strategier-og-vaerktojer","status":"publish","type":"post","link":"https:\/\/epactaambiental.com.br\/index.php\/2025\/04\/26\/effektiv-billededeling-i-den-digitale-aera-strategier-og-vaerktojer\/","title":{"rendered":"Effektiv Billededeling i Den Digitale \u00c6ra: Strategier og V\u00e6rkt\u00f8jer"},"content":{"rendered":"<p>Digitalt indhold er blevet hjertet i moderne marketing- og kommunikationsstrategier. Med det massive forbrug af visuelle medier er billeddeling ikke blot et sp\u00f8rgsm\u00e5l om \u00e6stetik, men ogs\u00e5 en afg\u00f8rende faktor for engagement, konvertering og brandidentitet. I denne artikel vurderer vi de nyeste tiltag, teknologier og v\u00e6rkt\u00f8jer, der former den m\u00e5de, virksomheder og kreative akt\u00f8rer deler billeder p\u00e5 i dag.<\/p>\n<h2>Den Strategiske Betydning af Visuelle Medier<\/h2>\n<p>En rapport fra {{<a href=\"https:\/\/statista.com\/\">Statista<\/a>}} viser, at mere end 80% af internetbrugere aktivt s\u00f8ger visuelle medier, og platforms som Instagram og TikTok dominerer markedspladsen for visuel kommunikation. Dette skaber et konkurrencedygtigt \u00f8kosystem, hvor den m\u00e5de, virksomheder leverer og deler billeder, i h\u00f8j grad p\u00e5virker deres synlighed og brand perception.<\/p>\n<h2>Kvalitet, Samarbejde og Effektivitet: N\u00f8glen til Moderne Billeddeling<\/h2>\n<p>Naturligvis er kvaliteten af det visuelle indhold altafg\u00f8rende, men ogs\u00e5 de underliggende processer for billedh\u00e5ndtering spiller en kritisk rolle. Funktioner som organisering, deling i realtid, og automatisk tagging har revolutioneret, hvordan kreative teams og marketingafdelinger samarbejder om billedmateriale.<\/p>\n<blockquote><p>\n  &#8220;En effektiv billeddelingsplatform skal underst\u00f8tte b\u00e5de kreative processer og strategisk distribution, hvilket kr\u00e6ver integrerede v\u00e6rkt\u00f8jer og brugercentreret design.&#8221; \u2014 <em>Dr. Anna Larsen, digital strateg og billedkommunikationsspecialist<\/em>\n<\/p><\/blockquote>\n<h2>Innovative V\u00e6rkt\u00f8jer til Billedh\u00e5ndtering: En N\u00f8dvendighed i Nutidens Marked<\/h2>\n<p>Som en del af den moderne strategi er implementeringen af intelligente v\u00e6rkt\u00f8jer afg\u00f8rende. Her spiller licensh\u00e5ndtering, version control, og avanceret s\u00f8gning en v\u00e6sentlig rolle. Mens mange platforme stadig k\u00e6mper med at balancere brugervenlighed og avancerede funktioner, fremst\u00e5r visse v\u00e6rkt\u00f8jer som pionerer.<\/p>\n<h2>Et Overblik over de Ledende V\u00e6rkt\u00f8jer<\/h2>\n<table>\n<thead>\n<tr>\n<th>V\u00e6rkt\u00f8j<\/th>\n<th>Hovedfunktioner<\/th>\n<th>Brugerfeedback<\/th>\n<\/tr>\n<\/thead>\n<tbody>\n<tr>\n<td>Adobe Creative Cloud<\/td>\n<td>Avanceret redigering, samarbejdsfunktioner, sky-lagring<\/td>\n<td>Dominerer professionelle milj\u00f8er med h\u00f8j kvalitet<\/td>\n<\/tr>\n<tr>\n<td>Dropbox + Paper<\/td>\n<td>Fildeling, samarbejdsv\u00e6rkt\u00f8jer, integrationer<\/td>\n<td>Let at bruge, ideelt for teams<\/td>\n<\/tr>\n<tr>\n<td>Sweepix<\/td>\n<td>Styring af billeddeling via app, realtids samarbejde, licensh\u00e5ndtering<\/td>\n<td>Meget popul\u00e6rt i kreative industrier for sin enkelhed og effektivitet<\/td>\n<\/tr>\n<\/tbody>\n<\/table>\n<h2>Case Studie: Hvordan Professionelle Benytter Billeddeling i Markedsf\u00f8ring<\/h2>\n<p>Virksomheder, som Nike eller Apple, har i \u00e5revis anvendt avancerede billedh\u00e5ndteringsv\u00e6rkt\u00f8jer til at centralisere, beskytte og optimere deres visuelle indhold. Disse strategier muligg\u00f8r hurtig distribution til sociale medier, samtidig med at brandets \u00e6stetik og ensartethed opretholdes. Herunder kan man se den enorme betydning af v\u00e6rkt\u00f8jer som **Sweepix** for sm\u00e5 og mellemstore virksomheder, der \u00f8nsker at konkurrere p\u00e5 lige fod.<\/p>\n<h2>Opsummering: At T\u00e6nke Fremad med Vished og V\u00e6rkt\u00f8jer<\/h2>\n<p>I en verden, hvor visuelle signaler i stigende grad former forbrugernes opfattelse og engagement, er en strategisk tilgang til billeddeling ikke l\u00e6ngere valgfri. Det er en fundamental del af at opbygge et konsistent og professionelt brand. Valget af det rette v\u00e6rkt\u00f8j er essentielt, og som det ses, bliver platforme som <a href=\"https:\/\/sweepix.app\/da\/\">tjek Sweepix-appen ud<\/a> et v\u00e6sentligt redskab i denne indsats \u2014 is\u00e6r for dem, der \u00f8nsker en intuitiv, effektiv og sikker l\u00f8sning til at h\u00e5ndtere visuelle materialer.<\/p>\n<h2>Afsluttende Refleksioner<\/h2>\n<p>Innovationen i billedh\u00e5ndtering sker hele tiden, og det er vigtigt at f\u00f8lge med i de nyeste udviklinger. Med en kombination af teknologi, strategisk t\u00e6nkning og kreativitet kan virksomheder styrke deres visuelle kommunikation markant. At v\u00e6lge de rigtige v\u00e6rkt\u00f8jer kan v\u00e6re skillelinjen, der giver konkurrencefordel i det digitale landskab.<\/p>\n","protected":false},"excerpt":{"rendered":"<p>Digitalt indhold er blevet hjertet i moderne marketing- og kommunikationsstrategier. Med det massive forbrug af visuelle medier er billeddeling ikke blot et sp\u00f8rgsm\u00e5l om \u00e6stetik, men ogs\u00e5 en afg\u00f8rende faktor for engagement, konvertering og brandidentitet. I denne artikel vurderer vi de nyeste tiltag, teknologier og v\u00e6rkt\u00f8jer, der former den m\u00e5de, virksomheder og kreative akt\u00f8rer deler &hellip;<\/p>\n<p class=\"read-more\"> <a class=\"\" href=\"https:\/\/epactaambiental.com.br\/index.php\/2025\/04\/26\/effektiv-billededeling-i-den-digitale-aera-strategier-og-vaerktojer\/\"> <span class=\"screen-reader-text\">Effektiv Billededeling i Den Digitale \u00c6ra: Strategier og V\u00e6rkt\u00f8jer<\/span> Read More &raquo;<\/a><\/p>\n","protected":false},"author":1,"featured_media":0,"comment_status":"open","ping_status":"open","sticky":false,"template":"","format":"standard","meta":{"_uag_custom_page_level_css":"","site-sidebar-layout":"default","site-content-layout":"default","ast-global-header-display":"","ast-banner-title-visibility":"","ast-main-header-display":"","ast-hfb-above-header-display":"","ast-hfb-below-header-display":"","ast-hfb-mobile-header-display":"","site-post-title":"","ast-breadcrumbs-content":"","ast-featured-img":"","footer-sml-layout":"","theme-transparent-header-meta":"","adv-header-id-meta":"","stick-header-meta":"","header-above-stick-meta":"","header-main-stick-meta":"","header-below-stick-meta":"","footnotes":""},"categories":[1],"tags":[],"class_list":["post-37222","post","type-post","status-publish","format-standard","hentry","category-sem-categoria"],"uagb_featured_image_src":{"full":false,"thumbnail":false,"medium":false,"medium_large":false,"large":false,"1536x1536":false,"2048x2048":false,"htmega_size_585x295":false,"htmega_size_1170x536":false,"htmega_size_396x360":false},"uagb_author_info":{"display_name":"epactaambiental","author_link":"https:\/\/epactaambiental.com.br\/index.php\/author\/epactaambiental\/"},"uagb_comment_info":0,"uagb_excerpt":"Digitalt indhold er blevet hjertet i moderne marketing- og kommunikationsstrategier. Med det massive forbrug af visuelle medier er billeddeling ikke blot et sp\u00f8rgsm\u00e5l om \u00e6stetik, men ogs\u00e5 en afg\u00f8rende faktor for engagement, konvertering og brandidentitet. I denne artikel vurderer vi de nyeste tiltag, teknologier og v\u00e6rkt\u00f8jer, der former den m\u00e5de, virksomheder og kreative akt\u00f8rer deler&hellip;","_links":{"self":[{"href":"https:\/\/epactaambiental.com.br\/index.php\/wp-json\/wp\/v2\/posts\/37222","targetHints":{"allow":["GET"]}}],"collection":[{"href":"https:\/\/epactaambiental.com.br\/index.php\/wp-json\/wp\/v2\/posts"}],"about":[{"href":"https:\/\/epactaambiental.com.br\/index.php\/wp-json\/wp\/v2\/types\/post"}],"author":[{"embeddable":true,"href":"https:\/\/epactaambiental.com.br\/index.php\/wp-json\/wp\/v2\/users\/1"}],"replies":[{"embeddable":true,"href":"https:\/\/epactaambiental.com.br\/index.php\/wp-json\/wp\/v2\/comments?post=37222"}],"version-history":[{"count":1,"href":"https:\/\/epactaambiental.com.br\/index.php\/wp-json\/wp\/v2\/posts\/37222\/revisions"}],"predecessor-version":[{"id":37223,"href":"https:\/\/epactaambiental.com.br\/index.php\/wp-json\/wp\/v2\/posts\/37222\/revisions\/37223"}],"wp:attachment":[{"href":"https:\/\/epactaambiental.com.br\/index.php\/wp-json\/wp\/v2\/media?parent=37222"}],"wp:term":[{"taxonomy":"category","embeddable":true,"href":"https:\/\/epactaambiental.com.br\/index.php\/wp-json\/wp\/v2\/categories?post=37222"},{"taxonomy":"post_tag","embeddable":true,"href":"https:\/\/epactaambiental.com.br\/index.php\/wp-json\/wp\/v2\/tags?post=37222"}],"curies":[{"name":"wp","href":"https:\/\/api.w.org\/{rel}","templated":true}]}}