{"id":3625,"date":"2025-01-04T10:53:47","date_gmt":"2025-01-04T13:53:47","guid":{"rendered":"https:\/\/epactaambiental.com.br\/?p=3625"},"modified":"2025-11-01T17:43:09","modified_gmt":"2025-11-01T20:43:09","slug":"comment-la-perception-de-l-imprevu-faconne-nos-emotions-et-notre-resilience","status":"publish","type":"post","link":"https:\/\/epactaambiental.com.br\/index.php\/2025\/01\/04\/comment-la-perception-de-l-imprevu-faconne-nos-emotions-et-notre-resilience\/","title":{"rendered":"Comment la perception de l&#8217;impr\u00e9vu fa\u00e7onne nos \u00e9motions et notre r\u00e9silience"},"content":{"rendered":"<div style=\"margin: 20px 0; font-family: Arial, sans-serif; line-height: 1.6; font-size: 1.1em; color: #34495e;\">\n<p style=\"margin-bottom: 15px;\">Dans notre vie quotidienne, l&#8217;impr\u00e9vu est une constante qui influence profond\u00e9ment notre mani\u00e8re de ressentir, de r\u00e9agir et de nous adapter. La fa\u00e7on dont nous percevons ces \u00e9v\u00e9nements inattendus joue un r\u00f4le crucial dans notre bien-\u00eatre \u00e9motionnel et dans notre capacit\u00e9 \u00e0 rebondir face aux d\u00e9fis. Comprendre cette dynamique est essentiel pour d\u00e9velopper une r\u00e9silience solide et une attitude plus sereine face \u00e0 l&#8217;incertitude. Pour approfondir cette r\u00e9flexion, vous pouvez consulter notre article <a href=\"https:\/\/ericarosesiegel.com\/comment-la-dispersion-aleatoire-influence-notre-bien-etre-et-nos-choix-quotidiens\/\" style=\"color: #2980b9; text-decoration: none;\">Comment la dispersion al\u00e9atoire influence notre bien-\u00eatre et nos choix quotidiens<\/a>.<\/p>\n<\/div>\n<div style=\"margin: 30px 0; font-family: Arial, sans-serif; font-size: 1.2em; color: #2c3e50;\">\n<h2 style=\"border-bottom: 2px solid #bdc3c7; padding-bottom: 10px;\">Table des mati\u00e8res<\/h2>\n<ul style=\"list-style-type: decimal; padding-left: 20px; margin-top: 15px;\">\n<li style=\"margin-bottom: 8px;\"><a href=\"#comprendre-la-perception-de-l-imprevu\" style=\"color: #2980b9; text-decoration: none;\">Comprendre la perception de l&#8217;impr\u00e9vu dans le contexte \u00e9motionnel<\/a><\/li>\n<li style=\"margin-bottom: 8px;\"><a href=\"#l-imprevu-et-la-resilience\" style=\"color: #2980b9; text-decoration: none;\">L&#8217;impr\u00e9vu comme facteur de d\u00e9veloppement de la r\u00e9silience \u00e9motionnelle<\/a><\/li>\n<li style=\"margin-bottom: 8px;\"><a href=\"#perception-et-choix-quotidiens\" style=\"color: #2980b9; text-decoration: none;\">La perception de l&#8217;impr\u00e9vu et son influence sur nos choix quotidiens<\/a><\/li>\n<li style=\"margin-bottom: 8px;\"><a href=\"#l-imprevu-dans-la-culture-francaise\" style=\"color: #2980b9; text-decoration: none;\">L&#8217;impr\u00e9vu dans la culture et la soci\u00e9t\u00e9 fran\u00e7aises : une perspective historique et sociale<\/a><\/li>\n<li style=\"margin-bottom: 8px;\"><a href=\"#strategies-pour-perception-positve\" style=\"color: #2980b9; text-decoration: none;\">Strat\u00e9gies pour renforcer la perception positive de l&#8217;impr\u00e9vu<\/a><\/li>\n<li style=\"margin-bottom: 8px;\"><a href=\"#imprevu-et-emotions-positives\" style=\"color: #2980b9; text-decoration: none;\">La perception de l&#8217;impr\u00e9vu comme levier d&#8217;\u00e9motions positives et de r\u00e9silience<\/a><\/li>\n<li style=\"margin-bottom: 8px;\"><a href=\"#perception-et-bien-etre\" style=\"color: #2980b9; text-decoration: none;\">Retour au lien entre perception de l&#8217;impr\u00e9vu, \u00e9motions et r\u00e9silience dans le cadre du bien-\u00eatre<\/a><\/li>\n<\/ul>\n<\/div>\n<h2 id=\"comprendre-la-perception-de-l-imprevu\" style=\"font-family: Georgia, serif; font-size: 1.8em; color: #2c3e50; margin-top: 50px;\">Comprendre la perception de l&#8217;impr\u00e9vu dans le contexte \u00e9motionnel<\/h2>\n<p style=\"margin-bottom: 15px;\">La mani\u00e8re dont notre esprit interpr\u00e8te l&#8217;impr\u00e9vu influence directement notre \u00e9tat \u00e9motionnel. Lorsqu&#8217;un \u00e9v\u00e9nement inattendu survient, notre cerveau tente de lui donner un sens, souvent en fonction de nos exp\u00e9riences pass\u00e9es, de notre confiance en nos capacit\u00e9s ou de notre perception du contexte. Par exemple, en France, la culture valorise souvent la spontan\u00e9it\u00e9, ce qui peut favoriser une interpr\u00e9tation positive de l&#8217;impr\u00e9vu, per\u00e7u comme une opportunit\u00e9 plut\u00f4t qu&#8217;une menace. Cependant, cette perception n&#8217;est pas universelle et d\u00e9pend aussi de notre \u00e9tat int\u00e9rieur au moment de l&#8217;\u00e9v\u00e9nement.<\/p>\n<h3 style=\"font-family: Georgia, serif; font-size: 1.6em; color: #34495e; margin-top: 30px;\">a. Comment notre esprit interpr\u00e8te l&#8217;impr\u00e9vu et ses implications<\/h3>\n<p style=\"margin-bottom: 15px;\">L&#8217;interpr\u00e9tation de l&#8217;impr\u00e9vu repose sur nos sch\u00e9mas cognitifs, qui fa\u00e7onnent notre r\u00e9action \u00e9motionnelle. Une perception positive, o\u00f9 l&#8217;on voit une occasion d&#8217;apprendre ou de s&#8217;am\u00e9liorer, peut g\u00e9n\u00e9rer de la joie ou de la motivation. \u00c0 l&#8217;inverse, une perception n\u00e9gative, o\u00f9 l&#8217;on craint la perte ou l&#8217;\u00e9chec, peut entra\u00eener de l&#8217;anxi\u00e9t\u00e9 ou de la frustration. La cl\u00e9 r\u00e9side dans notre capacit\u00e9 \u00e0 reprogrammer ces sch\u00e9mas, en adoptant une vision plus ouverte et curieuse face \u00e0 l&#8217;inconnu.<\/p>\n<h3 style=\"font-family: Georgia, serif; font-size: 1.6em; color: #34495e; margin-top: 30px;\">b. La diff\u00e9rence entre anticipation et r\u00e9action face \u00e0 l&#8217;impr\u00e9vu<\/h3>\n<p style=\"margin-bottom: 15px;\">Anticiper consiste \u00e0 pr\u00e9voir et \u00e0 se pr\u00e9parer mentalement \u00e0 diverses possibilit\u00e9s, ce qui peut r\u00e9duire le stress face \u00e0 l&#8217;impr\u00e9vu. La r\u00e9action, quant \u00e0 elle, est imm\u00e9diate et d\u00e9pend de notre capacit\u00e9 \u00e0 rester calme et \u00e0 analyser la situation. En France, la tradition culturelle valorise souvent la pr\u00e9paration et la ma\u00eetrise de soi, des qualit\u00e9s essentielles pour mieux g\u00e9rer l&#8217;impr\u00e9vu. Cependant, il est essentiel de distinguer anticipation (proactive) et r\u00e9action (r\u00e9active), pour mieux orienter notre r\u00e9ponse face \u00e0 l&#8217;inattendu.<\/p>\n<h3 style=\"font-family: Georgia, serif; font-size: 1.6em; color: #34495e; margin-top: 30px;\">c. L&#8217;impact de la perception positive ou n\u00e9gative sur notre \u00e9tat \u00e9motionnel<\/h3>\n<p style=\"margin-bottom: 15px;\">Une perception positive de l&#8217;impr\u00e9vu favorise la r\u00e9silience et le maintien d&#8217;une stabilit\u00e9 \u00e9motionnelle, m\u00eame en situation d&#8217;incertitude. En revanche, une perception n\u00e9gative peut amplifier le stress et d\u00e9stabiliser notre \u00e9quilibre int\u00e9rieur. La soci\u00e9t\u00e9 fran\u00e7aise, avec ses valeurs d&#8217;art de vivre et de lucidit\u00e9, enseigne souvent l&#8217;importance d&#8217;accepter l&#8217;impr\u00e9vu avec s\u00e9r\u00e9nit\u00e9, ce qui contribue \u00e0 notre bien-\u00eatre global.<\/p>\n<h2 id=\"l-imprevu-et-la-resilience\" style=\"font-family: Georgia, serif; font-size: 1.8em; color: #2c3e50; margin-top: 50px;\">L&#8217;impr\u00e9vu comme facteur de d\u00e9veloppement de la r\u00e9silience \u00e9motionnelle<\/h2>\n<h3 style=\"font-family: Georgia, serif; font-size: 1.6em; color: #34495e; margin-top: 30px;\">a. Comment la confrontation \u00e0 l&#8217;impr\u00e9vu peut renforcer notre capacit\u00e9 d&#8217;adaptation<\/h3>\n<p style=\"margin-bottom: 15px;\">Chaque impr\u00e9vu est une occasion d&#8217;apprendre \u00e0 s&#8217;adapter. En France, cette capacit\u00e9 est souvent valoris\u00e9e dans le contexte familial et professionnel, o\u00f9 l&#8217;on enseigne \u00e0 ne pas craindre l&#8217;incertitude mais \u00e0 la voir comme un moteur de croissance. Par exemple, face \u00e0 un changement de plan ou \u00e0 une d\u00e9faillance inattendue, ceux qui parviennent \u00e0 garder leur calme et \u00e0 chercher des solutions renforcent leur r\u00e9silience.<\/p>\n<h3 style=\"font-family: Georgia, serif; font-size: 1.6em; color: #34495e; margin-top: 30px;\">b. Les m\u00e9canismes psychologiques qui transforment l&#8217;impr\u00e9vu en opportunit\u00e9<\/h3>\n<p style=\"margin-bottom: 15px;\">Les m\u00e9canismes comme la reconfiguration cognitive, la recherche de sens ou la gratitude permettent de transformer une situation impr\u00e9vue en une opportunit\u00e9 d&#8217;apprentissage ou d&#8217;inspiration. Par exemple, un professionnel fran\u00e7ais qui perd un contrat peut, gr\u00e2ce \u00e0 une attitude positive, voir cette exp\u00e9rience comme une chance de red\u00e9finir ses objectifs ou d&#8217;explorer de nouvelles voies.<\/p>\n<h3 style=\"font-family: Georgia, serif; font-size: 1.6em; color: #34495e; margin-top: 30px;\">c. L&#8217;importance de l&#8217;acceptation dans la gestion des surprises de la vie<\/h3>\n<p style=\"margin-bottom: 15px;\">L&#8217;acceptation est une \u00e9tape cl\u00e9 pour pr\u00e9server notre \u00e9quilibre \u00e9motionnel face \u00e0 l&#8217;impr\u00e9vu. La philosophie sto\u00efcienne, ancr\u00e9e dans la culture fran\u00e7aise, insiste sur la n\u00e9cessit\u00e9 d&#8217;accepter ce que l&#8217;on ne peut changer pour mieux se concentrer sur ce que l&#8217;on peut influencer, renfor\u00e7ant ainsi notre r\u00e9silience.<\/p>\n<h2 id=\"perception-et-choix-quotidiens\" style=\"font-family: Georgia, serif; font-size: 1.8em; color: #2c3e50; margin-top: 50px;\">La perception de l&#8217;impr\u00e9vu et son influence sur nos choix quotidiens<\/h2>\n<h3 style=\"font-family: Georgia, serif; font-size: 1.6em; color: #34495e; margin-top: 30px;\">a. La mani\u00e8re dont l&#8217;impr\u00e9vu modifie nos d\u00e9cisions imm\u00e9diates<\/h3>\n<p style=\"margin-bottom: 15px;\">Lorsqu&#8217;un impr\u00e9vu survient, nos choix imm\u00e9diats sont souvent dict\u00e9s par notre perception de la situation. En France, cette capacit\u00e9 \u00e0 r\u00e9agir rapidement tout en conservant une certaine finesse dans la prise de d\u00e9cision est valoris\u00e9e. Par exemple, face \u00e0 un retard impr\u00e9vu lors d&#8217;une r\u00e9union, adopter une attitude calme et flexible permet de transformer cette situation en une opportunit\u00e9 de renforcer la cr\u00e9dibilit\u00e9 et la relation.<\/p>\n<h3 style=\"font-family: Georgia, serif; font-size: 1.6em; color: #34495e; margin-top: 30px;\">b. La perception de contr\u00f4le face \u00e0 l&#8217;incertitude et ses effets sur notre comportement<\/h3>\n<p style=\"margin-bottom: 15px;\">Percevoir un certain contr\u00f4le sur l&#8217;impr\u00e9vu, m\u00eame partiel, r\u00e9duit l&#8217;anxi\u00e9t\u00e9 et favorise une attitude proactive. La soci\u00e9t\u00e9 fran\u00e7aise valorise souvent la ma\u00eetrise de soi et la capacit\u00e9 \u00e0 improviser, ce qui influence positivement nos comportements face \u00e0 l&#8217;incertitude. Cultiver cette perception aide \u00e0 maintenir une stabilit\u00e9 int\u00e9rieure, essentielle pour le bien-\u00eatre.<\/p>\n<h3 style=\"font-family: Georgia, serif; font-size: 1.6em; color: #34495e; margin-top: 30px;\">c. La relation entre gestion de l&#8217;impr\u00e9vu et satisfaction de vie<\/h3>\n<p style=\"margin-bottom: 15px;\">Une gestion efficace de l&#8217;impr\u00e9vu, bas\u00e9e sur une perception positive, contribue directement \u00e0 une plus grande satisfaction de vie. En France, o\u00f9 l&#8217;art de vivre est souvent associ\u00e9 \u00e0 la capacit\u00e9 \u00e0 profiter de l&#8217;instant pr\u00e9sent, apprendre \u00e0 accueillir et \u00e0 g\u00e9rer l&#8217;inattendu devient un levier pour une vie plus \u00e9panouissante.<\/p>\n<h2 id=\"l-imprevu-dans-la-culture-francaise\" style=\"font-family: Georgia, serif; font-size: 1.8em; color: #2c3e50; margin-top: 50px;\">L&#8217;impr\u00e9vu dans la culture et la soci\u00e9t\u00e9 fran\u00e7aises : une perspective historique et sociale<\/h2>\n<h3 style=\"font-family: Georgia, serif; font-size: 1.6em; color: #34495e; margin-top: 30px;\">a. La valorisation de la spontan\u00e9it\u00e9 et de l&#8217;impr\u00e9vu dans la culture fran\u00e7aise<\/h3>\n<p style=\"margin-bottom: 15px;\">Historiquement, la soci\u00e9t\u00e9 fran\u00e7aise a souvent c\u00e9l\u00e9br\u00e9 la spontan\u00e9it\u00e9, que ce soit dans la gastronomie, l&#8217;art ou la vie quotidienne. La notion de \u00ab joie de vivre \u00bb incarne cette capacit\u00e9 \u00e0 accueillir l&#8217;impr\u00e9vu avec l\u00e9g\u00e8ret\u00e9 et \u00e9l\u00e9gance. Par exemple, la tradition des march\u00e9s spontan\u00e9s ou des f\u00eates improvis\u00e9es illustre cette ouverture \u00e0 l&#8217;inattendu.<\/p>\n<h3 style=\"font-family: Georgia, serif; font-size: 1.6em; color: #34495e; margin-top: 30px;\">b. Les influences sociales sur la perception de l&#8217;incertitude<\/h3>\n<p style=\"margin-bottom: 15px;\">Les normes sociales fran\u00e7aises encouragent souvent une certaine ma\u00eetrise de soi tout en valorisant la cr\u00e9ativit\u00e9 face \u00e0 l&#8217;impr\u00e9vu. La culture du \u00ab faire avec \u00bb et du \u00ab savoir improviser \u00bb influence la fa\u00e7on dont les individus per\u00e7oivent l&#8217;incertitude, la consid\u00e9rant comme une occasion d&#8217;exprimer leur savoir-faire et leur adaptabilit\u00e9.<\/p>\n<h3 style=\"font-family: Georgia, serif; font-size: 1.6em; color: #34495e; margin-top: 30px;\">c. Comment la soci\u00e9t\u00e9 fran\u00e7aise enseigne l&#8217;art de naviguer dans l&#8217;impr\u00e9vu<\/h3>\n<p style=\"margin-bottom: 15px;\">De l&#8217;\u00e9cole \u00e0 la vie professionnelle, la soci\u00e9t\u00e9 fran\u00e7aise transmet l&#8217;importance de la flexibilit\u00e9 et de l&#8217;acceptation de l&#8217;incertitude. Des formations en gestion du stress ou des ateliers de pleine conscience encouragent \u00e0 percevoir l&#8217;impr\u00e9vu comme une partie int\u00e9grante de la vie, renfor\u00e7ant ainsi la confiance en soi et la r\u00e9silience.<\/p>\n<h2 id=\"strategies-pour-perception-positve\" style=\"font-family: Georgia, serif; font-size: 1.8em; color: #2c3e50; margin-top: 50px;\">Strat\u00e9gies pour renforcer la perception positive de l&#8217;impr\u00e9vu<\/h2>\n<h3 style=\"font-family: Georgia, serif; font-size: 1.6em; color: #34495e; margin-top: 30px;\">a. Techniques de mindfulness et de pleine conscience<\/h3>\n<p style=\"margin-bottom: 15px;\">Pratiquer la pleine conscience permet d&#8217;observer l&#8217;impr\u00e9vu sans jugement, favorisant une r\u00e9action plus sereine. En France, des pratiques telles que la m\u00e9ditation ou la respiration consciente sont de plus en plus r\u00e9pandues pour apprendre \u00e0 accueillir l&#8217;inattendu avec calme et lucidit\u00e9.<\/p>\n<h3 style=\"font-family: Georgia, serif; font-size: 1.6em; color: #34495e; margin-top: 30px;\">b. D\u00e9velopper une attitude de curiosit\u00e9 face \u00e0 l&#8217;inattendu<\/h3>\n<p style=\"margin-bottom: 15px;\">Adopter une posture de curiosit\u00e9, plut\u00f4t que de peur ou de rejet, transforme l&#8217;impr\u00e9vu en une source d&#8217;apprentissage. En France, cette approche est encourag\u00e9e dans le domaine artistique ou entrepreneurial, o\u00f9 l&#8217;innovation na\u00eet souvent de situations inattendues.<\/p>\n<h3 style=\"font-family: Georgia, serif; font-size: 1.6em; color: #34495e; margin-top: 30px;\">c. La pr\u00e9paration mentale et la flexibilit\u00e9 cognitive<\/h3>\n<p style=\"margin-bottom: 15px;\">Se pr\u00e9parer mentalement \u00e0 l&#8217;incertitude, par des exercices de visualisation ou de gestion du stress, augmente notre capacit\u00e9 \u00e0 rester flexible. La pratique r\u00e9guli\u00e8re de ces techniques permet de mieux rebondir face \u00e0 l&#8217;impr\u00e9vu, renfor\u00e7ant ainsi notre r\u00e9silience.<\/p>\n<h2 id=\"imprevu-et-emotions-positives\" style=\"font-family: Georgia, serif; font-size: 1.8em; color: #2c3e50; margin-top: 50px;\">La perception de l&#8217;impr\u00e9vu comme levier d&#8217;\u00e9motions positives et de r\u00e9silience<\/h2>\n<h3 style=\"font-family: Georgia, serif; font-size: 1.6em; color: #34495e; margin-top: 30px;\">a. Comment transformer la surprise en source de plaisir ou d&#8217;inspiration<\/h3>\n<p style=\"margin-bottom: 15px;\">Une attitude ouverte permet de voir la surprise comme une occasion de d\u00e9couvrir quelque chose de nouveau ou d&#8217;inspirant. Par exemple, un changement de programme impr\u00e9vu lors d&#8217;un voyage en France peut conduire \u00e0 la d\u00e9couverte d\u2019un lieu ou d\u2019une exp\u00e9rience inattendue, cr\u00e9ant ainsi un souvenir pr\u00e9cieux et renfor\u00e7ant notre capacit\u00e9 \u00e0 accueillir l&#8217;impr\u00e9vu.<\/p>\n<h3 style=\"font-family: Georgia, serif; font-size: 1.6em; color: #34495e; margin-top: 30px;\">b. La construction d&#8217;une attitude optimiste face \u00e0 l&#8217;incertitude<\/h3>\n<p style=\"margin-bottom: 15px;\">Adopter un regard positif sur l&#8217;inattendu, en se concentrant sur ce que l&#8217;on peut apprendre ou tirer comme b\u00e9n\u00e9fice, favorise une plus grande stabilit\u00e9 \u00e9motionnelle. La soci\u00e9t\u00e9 fran\u00e7aise valorise souvent cette capacit\u00e9 \u00e0 voir le c\u00f4t\u00e9 positif des impr\u00e9vus, renfor\u00e7ant ainsi l\u2019optimisme et la confiance en soi.<\/p>\n<h3 style=\"font-family: Georgia, serif; font-size: 1.6em; color: #34495e; margin-top: 30px;\">c. Le r\u00f4le de la gratitude dans la perception positive de l&#8217;impr\u00e9vu<\/h3>\n<p style=\"margin-bottom: 15px;\">Pratiquer la gratitude pour les exp\u00e9riences inattendues, m\u00eame difficiles, permet de transformer notre perception de l&#8217;impr\u00e9vu. Cela nous aide \u00e0 reconna\u00eetre les opportunit\u00e9s de croissance et \u00e0 renforcer notre r\u00e9silience, en accord avec la philosophie de vivre pleinement chaque instant.<\/p>\n<h2 id=\"perception-et-bien-etre\" style=\"font-family: Georgia, serif; font-size: 1.8em; color: #2c3e50; margin-top: 50px;\">Retour au lien entre perception de l&#8217;impr\u00e9vu, \u00e9motions et r\u00e9silience dans le cadre du bien-\u00eatre<\/h2>\n<p style=\"margin-bottom: 15px;\">En<\/p>\n","protected":false},"excerpt":{"rendered":"<p>Dans notre vie quotidienne, l&#8217;impr\u00e9vu est une constante qui influence profond\u00e9ment notre mani\u00e8re de ressentir, de r\u00e9agir et de nous adapter. La fa\u00e7on dont nous percevons ces \u00e9v\u00e9nements inattendus joue un r\u00f4le crucial dans notre bien-\u00eatre \u00e9motionnel et dans notre capacit\u00e9 \u00e0 rebondir face aux d\u00e9fis. Comprendre cette dynamique est essentiel pour d\u00e9velopper une r\u00e9silience &hellip;<\/p>\n<p class=\"read-more\"> <a class=\"\" href=\"https:\/\/epactaambiental.com.br\/index.php\/2025\/01\/04\/comment-la-perception-de-l-imprevu-faconne-nos-emotions-et-notre-resilience\/\"> <span class=\"screen-reader-text\">Comment la perception de l&#8217;impr\u00e9vu fa\u00e7onne nos \u00e9motions et notre r\u00e9silience<\/span> Read More &raquo;<\/a><\/p>\n","protected":false},"author":1,"featured_media":0,"comment_status":"open","ping_status":"open","sticky":false,"template":"","format":"standard","meta":{"_uag_custom_page_level_css":"","site-sidebar-layout":"default","site-content-layout":"default","ast-global-header-display":"","ast-banner-title-visibility":"","ast-main-header-display":"","ast-hfb-above-header-display":"","ast-hfb-below-header-display":"","ast-hfb-mobile-header-display":"","site-post-title":"","ast-breadcrumbs-content":"","ast-featured-img":"","footer-sml-layout":"","theme-transparent-header-meta":"","adv-header-id-meta":"","stick-header-meta":"","header-above-stick-meta":"","header-main-stick-meta":"","header-below-stick-meta":"","footnotes":""},"categories":[1],"tags":[],"class_list":["post-3625","post","type-post","status-publish","format-standard","hentry","category-sem-categoria"],"uagb_featured_image_src":{"full":false,"thumbnail":false,"medium":false,"medium_large":false,"large":false,"1536x1536":false,"2048x2048":false,"htmega_size_585x295":false,"htmega_size_1170x536":false,"htmega_size_396x360":false},"uagb_author_info":{"display_name":"epactaambiental","author_link":"https:\/\/epactaambiental.com.br\/index.php\/author\/epactaambiental\/"},"uagb_comment_info":0,"uagb_excerpt":"Dans notre vie quotidienne, l&#8217;impr\u00e9vu est une constante qui influence profond\u00e9ment notre mani\u00e8re de ressentir, de r\u00e9agir et de nous adapter. La fa\u00e7on dont nous percevons ces \u00e9v\u00e9nements inattendus joue un r\u00f4le crucial dans notre bien-\u00eatre \u00e9motionnel et dans notre capacit\u00e9 \u00e0 rebondir face aux d\u00e9fis. Comprendre cette dynamique est essentiel pour d\u00e9velopper une r\u00e9silience&hellip;","_links":{"self":[{"href":"https:\/\/epactaambiental.com.br\/index.php\/wp-json\/wp\/v2\/posts\/3625","targetHints":{"allow":["GET"]}}],"collection":[{"href":"https:\/\/epactaambiental.com.br\/index.php\/wp-json\/wp\/v2\/posts"}],"about":[{"href":"https:\/\/epactaambiental.com.br\/index.php\/wp-json\/wp\/v2\/types\/post"}],"author":[{"embeddable":true,"href":"https:\/\/epactaambiental.com.br\/index.php\/wp-json\/wp\/v2\/users\/1"}],"replies":[{"embeddable":true,"href":"https:\/\/epactaambiental.com.br\/index.php\/wp-json\/wp\/v2\/comments?post=3625"}],"version-history":[{"count":1,"href":"https:\/\/epactaambiental.com.br\/index.php\/wp-json\/wp\/v2\/posts\/3625\/revisions"}],"predecessor-version":[{"id":3626,"href":"https:\/\/epactaambiental.com.br\/index.php\/wp-json\/wp\/v2\/posts\/3625\/revisions\/3626"}],"wp:attachment":[{"href":"https:\/\/epactaambiental.com.br\/index.php\/wp-json\/wp\/v2\/media?parent=3625"}],"wp:term":[{"taxonomy":"category","embeddable":true,"href":"https:\/\/epactaambiental.com.br\/index.php\/wp-json\/wp\/v2\/categories?post=3625"},{"taxonomy":"post_tag","embeddable":true,"href":"https:\/\/epactaambiental.com.br\/index.php\/wp-json\/wp\/v2\/tags?post=3625"}],"curies":[{"name":"wp","href":"https:\/\/api.w.org\/{rel}","templated":true}]}}