{"id":34429,"date":"2025-04-23T11:01:15","date_gmt":"2025-04-23T14:01:15","guid":{"rendered":"https:\/\/epactaambiental.com.br\/?p=34429"},"modified":"2026-04-23T06:01:19","modified_gmt":"2026-04-23T09:01:19","slug":"les-tendances-innovantes-du-marche-de-noel-une-analyse-approfondie","status":"publish","type":"post","link":"https:\/\/epactaambiental.com.br\/index.php\/2025\/04\/23\/les-tendances-innovantes-du-marche-de-noel-une-analyse-approfondie\/","title":{"rendered":"Les Tendances Innovantes du March\u00e9 de No\u00ebl : Une Analyse Approfondie"},"content":{"rendered":"<p>Alors que la p\u00e9riode des f\u00eates approche, l\u2019industrie du march\u00e9 de No\u00ebl conna\u00eet une transformation significative, aliment\u00e9e par des \u00e9volutions num\u00e9riques, des attentes consommateurs accrues et une volont\u00e9 d\u2019offrir des exp\u00e9riences plus immersives. La connaissance approfondie de ces tendances s\u2019av\u00e8re cruciale pour les acteurs du secteur, qu\u2019ils soient organisateurs d\u2019\u00e9v\u00e9nements, artisans ou distributeurs.<\/p>\n<h2>Une \u00c9volution Num\u00e9rique Significative pour le March\u00e9 de No\u00ebl<\/h2>\n<p>Face \u00e0 la mont\u00e9e en puissance du e-commerce et \u00e0 l\u2019int\u00e9gration continue des technologies num\u00e9riques, le march\u00e9 de No\u00ebl ne se limite plus \u00e0 la vente physique et aux march\u00e9s traditionnels. La digitalisation permet d\u2019accro\u00eetre la port\u00e9e des \u00e9v\u00e9nements et de proposer des exp\u00e9riences interactives. Par exemple, les vitrines virtuelles et les march\u00e9s de No\u00ebl en r\u00e9alit\u00e9 augment\u00e9e ont permis de toucher un public plus large, notamment durant la p\u00e9riode de pand\u00e9mie.<\/p>\n<blockquote><p>\n<i>&#8220;Pour comprendre ces tendances, il est essentiel de se r\u00e9f\u00e9rer aux sources de donn\u00e9es en constante \u00e9volution, notamment celles qui analysent la croissance des ventes en ligne durant la saison festive.&#8221;<\/i>\n<\/p><\/blockquote>\n<h2>Exemples Concrets : Les Nouvelles Offres et Exp\u00e9riences<\/h2>\n<ul>\n<li><strong>Vitrines interactives :<\/strong> Utilisation de l\u2019AR pour recr\u00e9er l\u2019ambiance d\u2019un march\u00e9 de No\u00ebl \u00e0 distance.<\/li>\n<li><strong>Events virtuels :<\/strong> Spectacles, ateliers en ligne, et march\u00e9s virtuels permettant de maintenir l\u2019engagement client.<\/li>\n<li><strong>Emballages intelligents :<\/strong> Int\u00e9gration de QR codes pour raconter l\u2019histoire du produit ou proposer des offres personnalis\u00e9es.<\/li>\n<\/ul>\n<h2>Le March\u00e9 de No\u00ebl en Chiffres : Une Analyse Sectorielle<\/h2>\n<table>\n<thead>\n<tr>\n<th>Ann\u00e9e<\/th>\n<th>Chiffre d&#8217;affaires estim\u00e9 (milliards \u20ac)<\/th>\n<th>Croissance annuelle (%)<\/th>\n<th>Part du num\u00e9rique (%)<\/th>\n<\/tr>\n<\/thead>\n<tbody>\n<tr>\n<td>2021<\/td>\n<td>4,5<\/td>\n<td>+3.2<\/td>\n<td>25<\/td>\n<\/tr>\n<tr>\n<td>2022<\/td>\n<td>4,8<\/td>\n<td>+6.7<\/td>\n<td>30<\/td>\n<\/tr>\n<tr>\n<td>2023<\/td>\n<td>5,2<\/td>\n<td>+8.3<\/td>\n<td>35<\/td>\n<\/tr>\n<\/tbody>\n<\/table>\n<p>Pour une compr\u00e9hension plus approfondie de ces tendances, il est utile de consulter <a href=\"https:\/\/aviamasters-xmas.fr\/\">source<\/a>. Le site offre une perspective d\u00e9taill\u00e9e sur l\u2019\u00e9volution des march\u00e9s de No\u00ebl, notamment \u00e0 travers des donn\u00e9es concr\u00e8tes, des analyses sectorielles, ainsi que des exemples de bonnes pratiques qui fa\u00e7onnent l\u2019avenir de cette industrie en pleine mutation.<\/p>\n<h2>Perspectives et D\u00e9fis pour les Acteurs du March\u00e9<\/h2>\n<p>Les principales opportunit\u00e9s r\u00e9sident dans l\u2019int\u00e9gration de solutions technologiques et la personnalisation de l\u2019exp\u00e9rience client. Cependant, des d\u00e9fis subsistent, notamment en mati\u00e8re de logistique, de gestion des exp\u00e9riences digitales et de respect de l\u2019environnement.<\/p>\n<blockquote><p>\n<i>\u00ab La capacit\u00e9 \u00e0 innover de mani\u00e8re responsable sera le v\u00e9ritable diff\u00e9renciateur dans la comp\u00e9tition saisonni\u00e8re, \u00bb souligne une \u00e9tude r\u00e9cente.<\/i>\n<\/p><\/blockquote>\n<h2>Conclusion : Vers une Exp\u00e9rience de No\u00ebl Plus Connect\u00e9e<\/h2>\n<p>Les acteurs du march\u00e9 de No\u00ebl qui sauront exploiter ces tendances num\u00e9riques de mani\u00e8re strat\u00e9gique, tout en cultivant une authenticit\u00e9 engageante, seront avantag\u00e9s pour la saison \u00e0 venir. La digitalisation, combin\u00e9e \u00e0 une compr\u00e9hension approfondie du comportement consommateur, dessine un avenir o\u00f9 tradition et innovation cohabitent pour enrichir l\u2019exp\u00e9rience festive.<\/p>\n","protected":false},"excerpt":{"rendered":"<p>Alors que la p\u00e9riode des f\u00eates approche, l\u2019industrie du march\u00e9 de No\u00ebl conna\u00eet une transformation significative, aliment\u00e9e par des \u00e9volutions num\u00e9riques, des attentes consommateurs accrues et une volont\u00e9 d\u2019offrir des exp\u00e9riences plus immersives. La connaissance approfondie de ces tendances s\u2019av\u00e8re cruciale pour les acteurs du secteur, qu\u2019ils soient organisateurs d\u2019\u00e9v\u00e9nements, artisans ou distributeurs. Une \u00c9volution &hellip;<\/p>\n<p class=\"read-more\"> <a class=\"\" href=\"https:\/\/epactaambiental.com.br\/index.php\/2025\/04\/23\/les-tendances-innovantes-du-marche-de-noel-une-analyse-approfondie\/\"> <span class=\"screen-reader-text\">Les Tendances Innovantes du March\u00e9 de No\u00ebl : Une Analyse Approfondie<\/span> Read More &raquo;<\/a><\/p>\n","protected":false},"author":1,"featured_media":0,"comment_status":"open","ping_status":"open","sticky":false,"template":"","format":"standard","meta":{"_uag_custom_page_level_css":"","site-sidebar-layout":"default","site-content-layout":"default","ast-global-header-display":"","ast-banner-title-visibility":"","ast-main-header-display":"","ast-hfb-above-header-display":"","ast-hfb-below-header-display":"","ast-hfb-mobile-header-display":"","site-post-title":"","ast-breadcrumbs-content":"","ast-featured-img":"","footer-sml-layout":"","theme-transparent-header-meta":"","adv-header-id-meta":"","stick-header-meta":"","header-above-stick-meta":"","header-main-stick-meta":"","header-below-stick-meta":"","footnotes":""},"categories":[1],"tags":[],"class_list":["post-34429","post","type-post","status-publish","format-standard","hentry","category-sem-categoria"],"uagb_featured_image_src":{"full":false,"thumbnail":false,"medium":false,"medium_large":false,"large":false,"1536x1536":false,"2048x2048":false,"htmega_size_585x295":false,"htmega_size_1170x536":false,"htmega_size_396x360":false},"uagb_author_info":{"display_name":"epactaambiental","author_link":"https:\/\/epactaambiental.com.br\/index.php\/author\/epactaambiental\/"},"uagb_comment_info":0,"uagb_excerpt":"Alors que la p\u00e9riode des f\u00eates approche, l\u2019industrie du march\u00e9 de No\u00ebl conna\u00eet une transformation significative, aliment\u00e9e par des \u00e9volutions num\u00e9riques, des attentes consommateurs accrues et une volont\u00e9 d\u2019offrir des exp\u00e9riences plus immersives. La connaissance approfondie de ces tendances s\u2019av\u00e8re cruciale pour les acteurs du secteur, qu\u2019ils soient organisateurs d\u2019\u00e9v\u00e9nements, artisans ou distributeurs. Une \u00c9volution&hellip;","_links":{"self":[{"href":"https:\/\/epactaambiental.com.br\/index.php\/wp-json\/wp\/v2\/posts\/34429","targetHints":{"allow":["GET"]}}],"collection":[{"href":"https:\/\/epactaambiental.com.br\/index.php\/wp-json\/wp\/v2\/posts"}],"about":[{"href":"https:\/\/epactaambiental.com.br\/index.php\/wp-json\/wp\/v2\/types\/post"}],"author":[{"embeddable":true,"href":"https:\/\/epactaambiental.com.br\/index.php\/wp-json\/wp\/v2\/users\/1"}],"replies":[{"embeddable":true,"href":"https:\/\/epactaambiental.com.br\/index.php\/wp-json\/wp\/v2\/comments?post=34429"}],"version-history":[{"count":1,"href":"https:\/\/epactaambiental.com.br\/index.php\/wp-json\/wp\/v2\/posts\/34429\/revisions"}],"predecessor-version":[{"id":34430,"href":"https:\/\/epactaambiental.com.br\/index.php\/wp-json\/wp\/v2\/posts\/34429\/revisions\/34430"}],"wp:attachment":[{"href":"https:\/\/epactaambiental.com.br\/index.php\/wp-json\/wp\/v2\/media?parent=34429"}],"wp:term":[{"taxonomy":"category","embeddable":true,"href":"https:\/\/epactaambiental.com.br\/index.php\/wp-json\/wp\/v2\/categories?post=34429"},{"taxonomy":"post_tag","embeddable":true,"href":"https:\/\/epactaambiental.com.br\/index.php\/wp-json\/wp\/v2\/tags?post=34429"}],"curies":[{"name":"wp","href":"https:\/\/api.w.org\/{rel}","templated":true}]}}