{"id":3309,"date":"2025-09-24T09:59:45","date_gmt":"2025-09-24T12:59:45","guid":{"rendered":"https:\/\/epactaambiental.com.br\/?p=3309"},"modified":"2025-10-24T20:49:42","modified_gmt":"2025-10-24T23:49:42","slug":"les-degrades-du-ciel-inspiration-naturelle-et-applications-modernes","status":"publish","type":"post","link":"https:\/\/epactaambiental.com.br\/index.php\/2025\/09\/24\/les-degrades-du-ciel-inspiration-naturelle-et-applications-modernes\/","title":{"rendered":"Les d\u00e9grad\u00e9s du ciel : inspiration naturelle et applications modernes"},"content":{"rendered":"<div style=\"max-width: 900px; margin: 0 auto; font-family: Arial, sans-serif; line-height: 1.6; color: #34495e;\">\n<h2 style=\"font-size: 2em; color: #2980b9; margin-top: 40px;\">1. Introduction aux d\u00e9grad\u00e9s du ciel : une palette naturelle d&#8217;inspiration<\/h2>\n<p style=\"margin-bottom: 15px;\">Les d\u00e9grad\u00e9s de couleurs que l&#8217;on observe dans le ciel, notamment lors du cr\u00e9puscule ou des ph\u00e9nom\u00e8nes m\u00e9t\u00e9orologiques, constituent une source d&#8217;inspiration in\u00e9puisable pour de nombreux domaines artistiques et scientifiques. Ces transitions harmoniques entre teintes de bleu, rose, orange ou violet captivent l&#8217;\u0153il et stimulent l&#8217;imagination, incarnant la beaut\u00e9 \u00e9ph\u00e9m\u00e8re de la nature.<\/p>\n<p style=\"margin-bottom: 15px;\">En France, l&#8217;admiration pour ces nuances c\u00e9lestes est profond\u00e9ment ancr\u00e9e dans la culture. Des peintres impressionnistes comme Monet ou Renoir ont su saisir ces d\u00e9grad\u00e9s pour repr\u00e9senter la lumi\u00e8re naturelle, tandis que la litt\u00e9rature et la mythologie fran\u00e7aises \u00e9voquent souvent le ciel dans ses formes changeantes, symboles de transition, de r\u00eave ou de spiritualit\u00e9.<\/p>\n<p style=\"margin-bottom: 15px;\">Cet article a pour objectif d&#8217;explorer comment ces d\u00e9grad\u00e9s issus de la nature influencent nos pratiques artistiques, scientifiques et technologiques, en mettant en lumi\u00e8re leur r\u00f4le dans la culture fran\u00e7aise et leur impact contemporain.<\/p>\n<div style=\"margin-top: 30px; padding: 15px; background-color: #f0f8ff; border-radius: 8px;\">\n<h3 style=\"font-size: 1.8em; color: #16a085;\">Sommaire<\/h3>\n<ul style=\"list-style: none; padding-left: 0;\">\n<li style=\"margin-bottom: 10px;\"><a href=\"#section1\" style=\"text-decoration: none; color: #2980b9;\">Les ph\u00e9nom\u00e8nes naturels cr\u00e9ant des d\u00e9grad\u00e9s dans le ciel<\/a><\/li>\n<li style=\"margin-bottom: 10px;\"><a href=\"#section2\" style=\"text-decoration: none; color: #2980b9;\">Les techniques artistiques et scientifiques de reproduction<\/a><\/li>\n<li style=\"margin-bottom: 10px;\"><a href=\"#section3\" style=\"text-decoration: none; color: #2980b9;\">Applications modernes et innovations<\/a><\/li>\n<li style=\"margin-bottom: 10px;\"><a href=\"#section4\" style=\"text-decoration: none; color: #2980b9;\">Culture, nature et symbolique en France<\/a><\/li>\n<li style=\"margin-bottom: 10px;\"><a href=\"#section5\" style=\"text-decoration: none; color: #2980b9;\">Enjeux environnementaux et perception<\/a><\/li>\n<li style=\"margin-bottom: 10px;\"><a href=\"#section6\" style=\"text-decoration: none; color: #2980b9;\">Conclusion : harmonie entre nature, science et cr\u00e9ation<\/a><\/li>\n<\/ul>\n<\/div>\n<h2 id=\"section1\" style=\"font-size: 2em; color: #2980b9; margin-top: 50px;\">2. Les ph\u00e9nom\u00e8nes naturels cr\u00e9ant des d\u00e9grad\u00e9s de couleurs dans le ciel<\/h2>\n<h3 style=\"font-size: 1.8em; color: #16a085; margin-top: 30px;\">a. Le cr\u00e9puscule : un d\u00e9grad\u00e9 de bleu \u00e0 rose, symbole de transition quotidienne<\/h3>\n<p style=\"margin-bottom: 15px;\">Le cr\u00e9puscule, moment magique o\u00f9 le jour c\u00e8de la place \u00e0 la nuit, offre un spectacle de d\u00e9grad\u00e9s subtils entre le bleu profond du ciel et le rose p\u00e2le ou orang\u00e9 des derni\u00e8res lumi\u00e8res. En France, ce ph\u00e9nom\u00e8ne est souvent associ\u00e9 \u00e0 des paysages ruraux ou urbains embl\u00e9matiques, comme la silhouette de la Tour Eiffel ou des champs de lavande en Provence, o\u00f9 la lumi\u00e8re diffuse accentue la douceur des transitions color\u00e9es.<\/p>\n<h3 style=\"font-size: 1.8em; color: #16a085; margin-top: 30px;\">b. Les diff\u00e9rents ph\u00e9nom\u00e8nes m\u00e9t\u00e9orologiques et leur impact visuel<\/h3>\n<p style=\"margin-bottom: 15px;\">Les ph\u00e9nom\u00e8nes m\u00e9t\u00e9orologiques tels que la formation de nuages, la pollution ou la brume modifient les d\u00e9grad\u00e9s du ciel. Par exemple, lors d\u2019un orage ou d\u2019un brouillard matinal, les nuances deviennent plus sombres ou plus diffuses, cr\u00e9ant des effets visuels uniques. Ces variations influencent aussi la perception artistique, comme en t\u00e9moigne la peinture fran\u00e7aise classique ou contemporaine, qui cherche \u00e0 capter ces instants \u00e9ph\u00e9m\u00e8res.<\/p>\n<h3 style=\"font-size: 1.8em; color: #16a085; margin-top: 30px;\">c. Influence de ces d\u00e9grad\u00e9s sur la perception artistique et culturelle en France<\/h3>\n<p style=\"margin-bottom: 15px;\">Les artistes fran\u00e7ais, du XVIIe si\u00e8cle \u00e0 nos jours, ont \u00e9t\u00e9 inspir\u00e9s par ces d\u00e9grad\u00e9s pour exprimer des \u00e9motions ou des id\u00e9es abstraites. La lumi\u00e8re du ciel, changeante et impr\u00e9visible, a nourri le symbolisme et l\u2019impressionnisme, o\u00f9 la subtilit\u00e9 des nuances joue un r\u00f4le central. La culture populaire continue de c\u00e9l\u00e9brer ces couleurs, notamment dans la litt\u00e9rature, la photographie ou la mode.<\/p>\n<h2 id=\"section2\" style=\"font-size: 2em; color: #2980b9; margin-top: 50px;\">3. Les techniques artistiques et scientifiques pour reproduire ces d\u00e9grad\u00e9s<\/h2>\n<h3 style=\"font-size: 1.8em; color: #16a085; margin-top: 30px;\">a. La peinture impressionniste et l&#8217;utilisation des d\u00e9grad\u00e9s pour \u00e9voquer la lumi\u00e8re naturelle<\/h3>\n<p style=\"margin-bottom: 15px;\">Les impressionnistes fran\u00e7ais, tels que Monet ou Sisley, ont utilis\u00e9 des techniques de d\u00e9grad\u00e9s pour repr\u00e9senter la lumi\u00e8re changeante du ciel. Leur utilisation de touches de couleurs juxtapos\u00e9es permet de sugg\u00e9rer la douceur des transitions, cr\u00e9ant une impression de mouvement et de vie. La c\u00e9l\u00e8bre s\u00e9rie des \u00ab Nymph\u00e9as \u00bb en t\u00e9moigne, o\u00f9 le ciel et l\u2019eau fusionnent dans une harmonie chromatique subtile.<\/p>\n<h3 style=\"font-size: 1.8em; color: #16a085; margin-top: 30px;\">b. La photographie et la capture des nuances du ciel<\/h3>\n<p style=\"margin-bottom: 15px;\">La photographie moderne, notamment en France, a permis de figer ces d\u00e9grad\u00e9s pour l\u2019\u00e9ternit\u00e9. Les techniques avanc\u00e9es, telles que la HDR ou la photographie \u00e0 longue exposition, captent les subtilit\u00e9s de couleurs que l&#8217;\u0153il humain per\u00e7oit rarement en temps r\u00e9el. Ces images nourrissent la cr\u00e9ation artistique contemporaine et servent aussi \u00e0 sensibiliser au changement climatique.<\/p>\n<h3 style=\"font-size: 1.8em; color: #16a085; margin-top: 30px;\">c. La mod\u00e9lisation num\u00e9rique et les outils modernes<\/h3>\n<p style=\"margin-bottom: 15px;\">Des logiciels de mod\u00e9lisation tels que Photoshop ou des outils sp\u00e9cialis\u00e9s en infographie permettent de reproduire fid\u00e8lement ces d\u00e9grad\u00e9s naturels. \u00c0 titre d&#8217;illustration, des techniques comme celle utilis\u00e9e dans <a href=\"https:\/\/bigbassreelrepeat-argentreel.fr\/\" style=\"color: #e74c3c; text-decoration: underline;\">tuto machine \u00e0 sous<\/a> montrent comment la science du design s&#8217;inspire des principes naturels pour cr\u00e9er des motifs visuels harmonieux et innovants. La mod\u00e9lisation 3D et l\u2019intelligence artificielle ouvrent \u00e9galement de nouvelles perspectives pour reproduire ces nuances dans des environnements virtuels ou produits manufactur\u00e9s.<\/p>\n<h2 id=\"section3\" style=\"font-size: 2em; color: #2980b9; margin-top: 50px;\">4. Applications modernes et innovations inspir\u00e9es par les d\u00e9grad\u00e9s du ciel<\/h2>\n<h3 style=\"font-size: 1.8em; color: #16a085; margin-top: 30px;\">a. La conception de paysages urbains et d\u2019architectures int\u00e9grant des d\u00e9grad\u00e9s de couleurs<\/h3>\n<p style=\"margin-bottom: 15px;\">De nombreuses villes fran\u00e7aises int\u00e8grent d\u00e9sormais ces d\u00e9grad\u00e9s dans leur architecture et leur urbanisme. Par exemple, certains quartiers de Paris ou de Lyon utilisent des fa\u00e7ades en verre ou en c\u00e9ramique aux couleurs d\u00e9grad\u00e9es, \u00e9voquant le passage du jour \u00e0 la nuit. Ces choix esth\u00e9tiques favorisent une harmonie visuelle, tout en renfor\u00e7ant le lien entre espace urbain et nature.<\/p>\n<h3 style=\"font-size: 1.8em; color: #16a085; margin-top: 30px;\">b. Les cr\u00e9ations de mode et design s&#8217;inspirant des nuances cr\u00e9pusculaires<\/h3>\n<p style=\"margin-bottom: 15px;\">La mode fran\u00e7aise, renomm\u00e9e mondialement, exploite fr\u00e9quemment ces d\u00e9grad\u00e9s dans ses collections. Des d\u00e9fil\u00e9s de haute couture \u00e0 Paris pr\u00e9sentent des tissus aux couleurs \u00e9volutives, capturant l\u2019\u00e9l\u00e9gance et la subtilit\u00e9 du ciel au cr\u00e9puscule. Le design graphique et le packaging adoptent \u00e9galement ces palettes pour \u00e9voquer sophistication et modernit\u00e9.<\/p>\n<h3 style=\"font-size: 1.8em; color: #16a085; margin-top: 30px;\">c. Les technologies innovantes : comment la science s&#8217;inspire des d\u00e9grad\u00e9s pour la conception de produits<\/h3>\n<p style=\"margin-bottom: 15px;\">L\u2019exemple du <a href=\"https:\/\/bigbassreelrepeat-argentreel.fr\/\" style=\"color: #e74c3c; text-decoration: underline;\">tuto machine \u00e0 sous<\/a> illustre cette influence : en s\u2019appuyant sur la science des couleurs et des d\u00e9grad\u00e9s naturels, des fabricants con\u00e7oivent des produits visuellement attractifs, alliant esth\u00e9tique et performance. La recherche en mat\u00e9riaux et en design num\u00e9rique permet aujourd\u2019hui d\u2019int\u00e9grer ces nuances dans des objets du quotidien ou des \u00e9quipements technologiques.<\/p>\n<h2 id=\"section4\" style=\"font-size: 2em; color: #2980b9; margin-top: 50px;\">5. Les d\u00e9grad\u00e9s du ciel dans la culture et la nature fran\u00e7aises<\/h2>\n<h3 style=\"font-size: 1.8em; color: #16a085; margin-top: 30px;\">a. La symbolique des couleurs du ciel dans la mythologie et la litt\u00e9rature fran\u00e7aises<\/h3>\n<p style=\"margin-bottom: 15px;\">Dans la mythologie fran\u00e7aise, le ciel a souvent \u00e9t\u00e9 associ\u00e9 \u00e0 la spiritualit\u00e9, \u00e0 l\u2019infini ou \u00e0 la destin\u00e9e. La litt\u00e9rature, de Rabelais \u00e0 Baudelaire, \u00e9voque fr\u00e9quemment ces d\u00e9grad\u00e9s pour symboliser l\u2019\u00e9ph\u00e9m\u00e8re, la transition ou la qu\u00eate de sens. L\u2019image du ciel changeant sert de m\u00e9taphore \u00e0 la condition humaine et \u00e0 la recherche d\u2019harmonie.<\/p>\n<h3 style=\"font-size: 1.8em; color: #16a085; margin-top: 30px;\">b. La relation entre les d\u00e9grad\u00e9s du ciel et la biodiversit\u00e9 locale<\/h3>\n<p style=\"margin-bottom: 15px;\">Parmi les symboles naturels, l\u2019achigan \u00e0 grande bouche, poisson embl\u00e9matique de Floride, poss\u00e8de une symbolique particuli\u00e8re en France o\u00f9 sa repr\u00e9sentation dans la p\u00eache sportive ou la nature sauvage \u00e9voque la robustesse et la connexion \u00e0 l\u2019eau. La diversit\u00e9 des esp\u00e8ces et leur adaptation aux changements de lumi\u00e8re ou de temp\u00e9rature participent \u00e0 la richesse des \u00e9cosyst\u00e8mes fran\u00e7ais, o\u00f9 chaque nuance du ciel peut influencer la faune locale.<\/p>\n<h3 style=\"font-size: 1.8em; color: #16a085; margin-top: 30px;\">c. La photographie de paysage : capturer l\u2019\u00e9ph\u00e9m\u00e8re beaut\u00e9 des d\u00e9grad\u00e9s<\/h3>\n<p style=\"margin-bottom: 15px;\">Les photographes fran\u00e7ais, professionnels ou amateurs, s\u2019efforcent de saisir ces instants fugaces. Des sites comme le Mont-Saint-Michel ou les calanques de Cassis offrent des panoramas o\u00f9 la vari\u00e9t\u00e9 de d\u00e9grad\u00e9s est exceptionnelle. La ma\u00eetrise technique permet de pr\u00e9server ces beaut\u00e9s \u00e9ph\u00e9m\u00e8res pour les g\u00e9n\u00e9rations futures, tout en sensibilisant \u00e0 la n\u00e9cessit\u00e9 de pr\u00e9server nos ressources naturelles.<\/p>\n<h2 id=\"section5\" style=\"font-size: 2em; color: #2980b9; margin-top: 50px;\">6. Les enjeux environnementaux et la perception des d\u00e9grad\u00e9s du ciel<\/h2>\n<h3 style=\"font-size: 1.8em; color: #16a085; margin-top: 30px;\">a. L\u2019impact de la pollution lumineuse et atmosph\u00e9rique sur la beaut\u00e9 naturelle des d\u00e9grad\u00e9s<\/h3>\n<p style=\"margin-bottom: 15px;\">La pollution lumineuse, notamment dans les grandes villes fran\u00e7aises, obscurcit la visibilit\u00e9 des d\u00e9grad\u00e9s c\u00e9lestes. La pollution atmosph\u00e9rique, issue des industries ou des transports, alt\u00e8re la composition de l\u2019air, modifiant ainsi les couleurs naturelles du ciel. Ces ph\u00e9nom\u00e8nes ont un impact direct sur la perception publique et sur la capacit\u00e9 des artistes \u00e0 repr\u00e9senter ces instants pr\u00e9cieux.<\/p>\n<h3 style=\"font-size: 1.8em; color: #16a085; margin-top: 30px;\">b. La sensibilisation \u00e0 la pr\u00e9servation des ressources naturelles pour conserver ces spectacles visuels<\/h3>\n<p style=\"margin-bottom: 15px;\">En France, de nombreux programmes \u00e9ducatifs et campagnes sensibilisent \u00e0 la n\u00e9cessit\u00e9 de r\u00e9duire la pollution et de prot\u00e9ger l\u2019environnement. La pr\u00e9servation de la qualit\u00e9 de l\u2019air permet non seulement de maintenir la biodiversit\u00e9, mais aussi de continuer \u00e0 profiter de ces d\u00e9grad\u00e9s naturels qui font partie int\u00e9grante de notre patrimoine culturel.<\/p>\n<h3 style=\"font-size: 1.8em; color: #16a085; margin-top: 30px;\">c. La place des d\u00e9grad\u00e9s du ciel dans la conscience \u00e9cologique et artistique en France<\/h3>\n<p style=\"margin-bottom: 15px;\">Les d\u00e9grad\u00e9s du ciel deviennent ainsi un symbole de l\u2019urgence \u00e9cologique, renfor\u00e7ant la conscience collective quant \u00e0 la n\u00e9cessit\u00e9 d\u2019agir pour pr\u00e9server notre environnement. Par ailleurs, ils inspirent de nouvelles formes d\u2019art et de design, comme en t\u00e9moigne la mont\u00e9e de projets \u00e9cologiques int\u00e9grant ces nuances dans leurs cr\u00e9ations.<\/p>\n<h2 id=\"section6\" style=\"font-size: 2em; color: #2980b9; margin-top: 50px;\">7. Conclusion : l\u2019harmonie entre nature, science et cr\u00e9ation \u00e0 travers les d\u00e9grad\u00e9s du ciel<\/h2>\n<blockquote style=\"margin: 20px 0; padding-left: 15px; border-left: 4px solid #2980b9; background-color: #ecf0f1; font-style: italic;\"><p>&#8220;Les d\u00e9grad\u00e9s du ciel, t\u00e9moins de la dynamique de la nature, nourrissent notre cr\u00e9ativit\u00e9 et notre compr\u00e9hension scientifique, invitant \u00e0 une harmonie durable.&#8221;<\/p><\/blockquote>\n<p style=\"margin-bottom: 15px;\">En r\u00e9sum\u00e9, ces variations chromatiques issues du ciel incarnent une v\u00e9ritable fusion entre la nature, l\u2019art et la progr\u00e8s scientifique. Leur \u00e9tude et leur pr\u00e9servation sont essentielles pour continuer \u00e0 s\u2019inspirer de cette richesse \u00e9ph\u00e9m\u00e8re, tout en sensibilisant aux enjeux environnementaux qui la menacent.<\/p>\n<p style=\"margin-bottom: 15px;\">Les innovations technologiques, comme celles illustr\u00e9es dans tuto machine \u00e0 sous, d\u00e9montrent comment la science peut s\u2019appuyer sur ces d\u00e9grad\u00e9s pour concevoir des produits esth\u00e9tiques, performants et porteurs de sens. Chacun peut contribuer \u00e0 cette harmonie en observant attentivement le ciel et en participant \u00e0 sa pr\u00e9servation.<\/p>\n<p style=\"margin-bottom: 15px;\">Ainsi, en cultivant l\u2019\u00e9merveillement et la conscience \u00e9cologique, nous continuerons d\u2019appr\u00e9cier la beaut\u00e9 intemporelle des d\u00e9grad\u00e9s du ciel fran\u00e7ais, t\u00e9moins d\u2019un patrimoine naturel et culturel pr\u00e9cieux, \u00e0 la fois fragile et inspirant.<\/p>\n<\/div>\n","protected":false},"excerpt":{"rendered":"<p>1. Introduction aux d\u00e9grad\u00e9s du ciel : une palette naturelle d&#8217;inspiration Les d\u00e9grad\u00e9s de couleurs que l&#8217;on observe dans le ciel, notamment lors du cr\u00e9puscule ou des ph\u00e9nom\u00e8nes m\u00e9t\u00e9orologiques, constituent une source d&#8217;inspiration in\u00e9puisable pour de nombreux domaines artistiques et scientifiques. Ces transitions harmoniques entre teintes de bleu, rose, orange ou violet captivent l&#8217;\u0153il et &hellip;<\/p>\n<p class=\"read-more\"> <a class=\"\" href=\"https:\/\/epactaambiental.com.br\/index.php\/2025\/09\/24\/les-degrades-du-ciel-inspiration-naturelle-et-applications-modernes\/\"> <span class=\"screen-reader-text\">Les d\u00e9grad\u00e9s du ciel : inspiration naturelle et applications modernes<\/span> Read More &raquo;<\/a><\/p>\n","protected":false},"author":1,"featured_media":0,"comment_status":"open","ping_status":"open","sticky":false,"template":"","format":"standard","meta":{"_uag_custom_page_level_css":"","site-sidebar-layout":"default","site-content-layout":"default","ast-global-header-display":"","ast-banner-title-visibility":"","ast-main-header-display":"","ast-hfb-above-header-display":"","ast-hfb-below-header-display":"","ast-hfb-mobile-header-display":"","site-post-title":"","ast-breadcrumbs-content":"","ast-featured-img":"","footer-sml-layout":"","theme-transparent-header-meta":"","adv-header-id-meta":"","stick-header-meta":"","header-above-stick-meta":"","header-main-stick-meta":"","header-below-stick-meta":"","footnotes":""},"categories":[1],"tags":[],"class_list":["post-3309","post","type-post","status-publish","format-standard","hentry","category-sem-categoria"],"uagb_featured_image_src":{"full":false,"thumbnail":false,"medium":false,"medium_large":false,"large":false,"1536x1536":false,"2048x2048":false,"htmega_size_585x295":false,"htmega_size_1170x536":false,"htmega_size_396x360":false},"uagb_author_info":{"display_name":"epactaambiental","author_link":"https:\/\/epactaambiental.com.br\/index.php\/author\/epactaambiental\/"},"uagb_comment_info":0,"uagb_excerpt":"1. Introduction aux d\u00e9grad\u00e9s du ciel : une palette naturelle d&#8217;inspiration Les d\u00e9grad\u00e9s de couleurs que l&#8217;on observe dans le ciel, notamment lors du cr\u00e9puscule ou des ph\u00e9nom\u00e8nes m\u00e9t\u00e9orologiques, constituent une source d&#8217;inspiration in\u00e9puisable pour de nombreux domaines artistiques et scientifiques. Ces transitions harmoniques entre teintes de bleu, rose, orange ou violet captivent l&#8217;\u0153il et&hellip;","_links":{"self":[{"href":"https:\/\/epactaambiental.com.br\/index.php\/wp-json\/wp\/v2\/posts\/3309","targetHints":{"allow":["GET"]}}],"collection":[{"href":"https:\/\/epactaambiental.com.br\/index.php\/wp-json\/wp\/v2\/posts"}],"about":[{"href":"https:\/\/epactaambiental.com.br\/index.php\/wp-json\/wp\/v2\/types\/post"}],"author":[{"embeddable":true,"href":"https:\/\/epactaambiental.com.br\/index.php\/wp-json\/wp\/v2\/users\/1"}],"replies":[{"embeddable":true,"href":"https:\/\/epactaambiental.com.br\/index.php\/wp-json\/wp\/v2\/comments?post=3309"}],"version-history":[{"count":1,"href":"https:\/\/epactaambiental.com.br\/index.php\/wp-json\/wp\/v2\/posts\/3309\/revisions"}],"predecessor-version":[{"id":3310,"href":"https:\/\/epactaambiental.com.br\/index.php\/wp-json\/wp\/v2\/posts\/3309\/revisions\/3310"}],"wp:attachment":[{"href":"https:\/\/epactaambiental.com.br\/index.php\/wp-json\/wp\/v2\/media?parent=3309"}],"wp:term":[{"taxonomy":"category","embeddable":true,"href":"https:\/\/epactaambiental.com.br\/index.php\/wp-json\/wp\/v2\/categories?post=3309"},{"taxonomy":"post_tag","embeddable":true,"href":"https:\/\/epactaambiental.com.br\/index.php\/wp-json\/wp\/v2\/tags?post=3309"}],"curies":[{"name":"wp","href":"https:\/\/api.w.org\/{rel}","templated":true}]}}