{"id":28490,"date":"2026-04-03T03:25:02","date_gmt":"2026-04-03T06:25:02","guid":{"rendered":"https:\/\/epactaambiental.com.br\/?p=28490"},"modified":"2026-04-03T05:35:14","modified_gmt":"2026-04-03T08:35:14","slug":"halado-utmutato-a-gyogyszergyartas-legujabb","status":"publish","type":"post","link":"https:\/\/epactaambiental.com.br\/index.php\/2026\/04\/03\/halado-utmutato-a-gyogyszergyartas-legujabb\/","title":{"rendered":"Halad\u00f3 \u00fatmutat\u00f3 a gy\u00f3gyszergy\u00e1rt\u00e1s leg\u00fajabb trendjeir\u0151l"},"content":{"rendered":"<p>Halad\u00f3 \u00fatmutat\u00f3 a gy\u00f3gyszergy\u00e1rt\u00e1s leg\u00fajabb trendjeir\u0151l<\/p>\n<h3>Digit\u00e1lis transzform\u00e1ci\u00f3 a gy\u00f3gyszergy\u00e1rt\u00e1sban<\/h3>\n<p>Az ipar\u00e1g folyamatos fejl\u0151d\u00e9se \u00e9rdek\u00e9ben a gy\u00f3gyszergy\u00e1rt\u00e1s egyre ink\u00e1bb a digit\u00e1lis technol\u00f3gi\u00e1kra t\u00e1maszkodik. A mesters\u00e9ges intelligencia \u00e9s a big data elemz\u00e9sek forradalmas\u00edtj\u00e1k a gy\u00f3gyszerfejleszt\u00e9st, lehet\u0151v\u00e9 t\u00e9ve a hat\u00e9konyabb kutat\u00e1st \u00e9s az <a href=\"https:\/\/patika-hanna.com\/\">https:\/\/patika-hanna.com\/<\/a> gyorsabb piaci bevezet\u00e9st. Ezek az eszk\u00f6z\u00f6k seg\u00edtenek azonos\u00edtani a potenci\u00e1lis gy\u00f3gyszerjel\u00f6lt molekul\u00e1kat, \u00edgy cs\u00f6kkentve a fejleszt\u00e9si id\u0151t \u00e9s k\u00f6lts\u00e9geket.<\/p>\n<p>Emellett a digit\u00e1lis eszk\u00f6z\u00f6k r\u00e9v\u00e9n a gy\u00e1rt\u00e1si folyamatok is optimaliz\u00e1lhat\u00f3v\u00e1 v\u00e1lnak. Az automatiz\u00e1l\u00e1s, a robotika \u00e9s a felh\u0151alap\u00fa megold\u00e1sok lehet\u0151v\u00e9 teszik a hat\u00e9konyabb termel\u00e9st, valamint a min\u0151s\u00e9gellen\u0151rz\u00e9s fokozott rugalmass\u00e1g\u00e1t. A gy\u00e1rt\u00f3 c\u00e9gek egyre ink\u00e1bb adapt\u00e1lj\u00e1k ezeket a technol\u00f3gi\u00e1kat, hogy versenyk\u00e9pesebbek maradhassanak a piacon.<\/p>\n<h3>Fenntarthat\u00f3s\u00e1g \u00e9s k\u00f6rnyezetv\u00e9delem<\/h3>\n<p>A fenntarthat\u00f3s\u00e1g napjainkban kulcsfontoss\u00e1g\u00fa t\u00e9nyez\u0151 a gy\u00f3gyszergy\u00e1rt\u00e1sban. A c\u00e9gek egyre ink\u00e1bb arra t\u00f6rekednek, hogy cs\u00f6kkents\u00e9k \u00f6kol\u00f3giai l\u00e1bnyomukat, p\u00e9ld\u00e1ul az energiafelhaszn\u00e1l\u00e1s minimaliz\u00e1l\u00e1s\u00e1val \u00e9s a hullad\u00e9kcs\u00f6kkent\u00e9ssel. Az \u00faj technol\u00f3gi\u00e1k, mint a biotechnol\u00f3gia, lehet\u0151v\u00e9 teszik a k\u00f6rnyezetbar\u00e1t gy\u00f3gyszerek el\u0151\u00e1ll\u00edt\u00e1s\u00e1t, amelyek cs\u00f6kkentik a term\u00e9szetre gyakorolt hat\u00e1sokat.<\/p>\n<p>A k\u00f6rnyezetbar\u00e1t csomagol\u00e1s, valamint a fenntarthat\u00f3 forr\u00e1sokb\u00f3l sz\u00e1rmaz\u00f3 alapanyagok haszn\u00e1lata is egyre n\u00e9pszer\u0171bb. Ez nemcsak a v\u00e1llalatok im\u00e1zs\u00e1t jav\u00edtja, hanem a v\u00e1s\u00e1rl\u00f3k k\u00f6r\u00e9ben is egyre nagyobb kereslet mutatkozik az ilyen t\u00edpus\u00fa term\u00e9kek ir\u00e1nt.<\/p>\n<h3>Personalis\u00e1lt orvosl\u00e1s<\/h3>\n<p>A szem\u00e9lyre szabott orvosl\u00e1s az egyik legizgalmasabb trend a gy\u00f3gyszergy\u00e1rt\u00e1s ter\u00fclet\u00e9n. A genetik\u00e1n alapul\u00f3 kezel\u00e9sek lehet\u0151v\u00e9 teszik, hogy a gy\u00f3gyszerek a betegek egyedi genetikai profilj\u00e1hoz igazodjanak, \u00edgy jav\u00edtva a kezel\u00e9s hat\u00e9konys\u00e1g\u00e1t. Ez a megk\u00f6zel\u00edt\u00e9s nemcsak az onkol\u00f3gi\u00e1ban, hanem m\u00e1s betegs\u00e9gek kezel\u00e9s\u00e9ben is forradalmi v\u00e1ltoz\u00e1sokat hozhat.<\/p>\n<p>A szem\u00e9lyre szabott gy\u00f3gyszerek fejleszt\u00e9se azonban kih\u00edv\u00e1sokkal is j\u00e1r. A kutat\u00f3k \u00e9s a fejleszt\u0151k sz\u00e1m\u00e1ra kulcsfontoss\u00e1g\u00fa, hogy biztos\u00edts\u00e1k a gy\u00f3gyszerek biztons\u00e1goss\u00e1g\u00e1t \u00e9s hat\u00e9konys\u00e1g\u00e1t, mik\u00f6zben figyelembe veszik a betegek elt\u00e9r\u0151 ig\u00e9nyeit \u00e9s reakci\u00f3it. A gy\u00f3gyszergy\u00e1rt\u00e1s j\u00f6v\u0151je teh\u00e1t szorosan \u00f6sszefon\u00f3dik a szem\u00e9lyre szabott megk\u00f6zel\u00edt\u00e9sekkel.<\/p>\n<h3>\u00daj gy\u00f3gyszerformul\u00e1ci\u00f3k \u00e9s technol\u00f3gi\u00e1k<\/h3>\n<p>A gy\u00f3gyszerformul\u00e1ci\u00f3k fejl\u0151d\u00e9se szint\u00e9n jelent\u0151s trend a gy\u00f3gyszergy\u00e1rt\u00e1sban. Az \u00faj technol\u00f3gi\u00e1k, mint p\u00e9ld\u00e1ul a nanotechnol\u00f3gia, lehet\u0151v\u00e9 teszik a gy\u00f3gyszerek jobb felsz\u00edv\u00f3d\u00e1s\u00e1t \u00e9s c\u00e9lzott sz\u00e1ll\u00edt\u00e1s\u00e1t a szervezetben. Ezek a fejleszt\u00e9sek seg\u00edthetnek cs\u00f6kkenteni a mell\u00e9khat\u00e1sokat \u00e9s n\u00f6velni a gy\u00f3gyszerek hat\u00e9konys\u00e1g\u00e1t.<\/p>\n<p>Az \u00faj formul\u00e1ci\u00f3k mellett a gy\u00f3gyszergy\u00e1rt\u00e1sban megjelen\u0151 innovat\u00edv elj\u00e1r\u00e1sok, mint a 3D nyomtat\u00e1s, szint\u00e9n lehet\u0151s\u00e9get adnak a testreszabott gy\u00f3gyszerek el\u0151\u00e1ll\u00edt\u00e1s\u00e1ra. Ez a technol\u00f3gia k\u00fcl\u00f6n\u00f6sen hasznos lehet a komplex k\u00e9sz\u00edtm\u00e9nyek \u00e9s a kis mennyis\u00e9g\u0171, speci\u00e1lis ig\u00e9nyeket kiel\u00e9g\u00edt\u0151 gy\u00f3gyszerek gy\u00e1rt\u00e1s\u00e1ban.<\/p>\n<h3>Online patika \u00e9s a v\u00e1s\u00e1rl\u00e1s j\u00f6v\u0151je<\/h3>\n<p>A gy\u00f3gyszergy\u00e1rt\u00e1s \u00faj trendjei mellett az online patik\u00e1k is egyre fontosabb szerepet j\u00e1tszanak a gy\u00f3gyszerell\u00e1t\u00e1sban. Az Online Patika &#8220;Hanna&#8221; p\u00e9ld\u00e1ul lehet\u0151v\u00e9 teszi, hogy a v\u00e1s\u00e1rl\u00f3k gyorsan \u00e9s k\u00f6nnyen hozz\u00e1jussanak a sz\u00fcks\u00e9ges gy\u00f3gyszerekhez, mik\u00f6zben r\u00e9szletes inform\u00e1ci\u00f3kat is kapnak az \u00e1rakr\u00f3l \u00e9s a term\u00e9kekr\u0151l. Ez a megold\u00e1s k\u00fcl\u00f6n\u00f6sen fontos a gyorsan v\u00e1ltoz\u00f3 eg\u00e9szs\u00e9g\u00fcgyi k\u00f6rnyezetben.<\/p>\n<p>A felhaszn\u00e1l\u00f3i \u00e9lm\u00e9ny fokoz\u00e1sa \u00e9rdek\u00e9ben az online patik\u00e1k folyamatosan fejlesztik szolg\u00e1ltat\u00e1saikat, bele\u00e9rtve az egyszer\u0171s\u00edtett megrendel\u00e9si folyamatokat \u00e9s az \u00fcgyf\u00e9lszolg\u00e1lati lehet\u0151s\u00e9geket. A v\u00e1s\u00e1rl\u00f3k sz\u00e1m\u00e1ra \u00edgy z\u00f6kken\u0151mentes \u00e9s biztons\u00e1gos tapasztalatot ny\u00fajtanak, amely hozz\u00e1j\u00e1rul az eg\u00e9szs\u00e9ges \u00e9letm\u00f3d fenntart\u00e1s\u00e1hoz.<\/p>\n","protected":false},"excerpt":{"rendered":"<p>Halad\u00f3 \u00fatmutat\u00f3 a gy\u00f3gyszergy\u00e1rt\u00e1s leg\u00fajabb trendjeir\u0151l Digit\u00e1lis transzform\u00e1ci\u00f3 a gy\u00f3gyszergy\u00e1rt\u00e1sban Az ipar\u00e1g folyamatos fejl\u0151d\u00e9se \u00e9rdek\u00e9ben a gy\u00f3gyszergy\u00e1rt\u00e1s egyre ink\u00e1bb a digit\u00e1lis technol\u00f3gi\u00e1kra t\u00e1maszkodik. A mesters\u00e9ges intelligencia \u00e9s a big data elemz\u00e9sek forradalmas\u00edtj\u00e1k a gy\u00f3gyszerfejleszt\u00e9st, lehet\u0151v\u00e9 t\u00e9ve a hat\u00e9konyabb kutat\u00e1st \u00e9s az https:\/\/patika-hanna.com\/ gyorsabb piaci bevezet\u00e9st. Ezek az eszk\u00f6z\u00f6k seg\u00edtenek azonos\u00edtani a potenci\u00e1lis gy\u00f3gyszerjel\u00f6lt molekul\u00e1kat, \u00edgy &hellip;<\/p>\n<p class=\"read-more\"> <a class=\"\" href=\"https:\/\/epactaambiental.com.br\/index.php\/2026\/04\/03\/halado-utmutato-a-gyogyszergyartas-legujabb\/\"> <span class=\"screen-reader-text\">Halad\u00f3 \u00fatmutat\u00f3 a gy\u00f3gyszergy\u00e1rt\u00e1s leg\u00fajabb trendjeir\u0151l<\/span> Read More &raquo;<\/a><\/p>\n","protected":false},"author":1,"featured_media":0,"comment_status":"open","ping_status":"open","sticky":false,"template":"","format":"standard","meta":{"_uag_custom_page_level_css":"","site-sidebar-layout":"default","site-content-layout":"default","ast-global-header-display":"","ast-banner-title-visibility":"","ast-main-header-display":"","ast-hfb-above-header-display":"","ast-hfb-below-header-display":"","ast-hfb-mobile-header-display":"","site-post-title":"","ast-breadcrumbs-content":"","ast-featured-img":"","footer-sml-layout":"","theme-transparent-header-meta":"","adv-header-id-meta":"","stick-header-meta":"","header-above-stick-meta":"","header-main-stick-meta":"","header-below-stick-meta":"","footnotes":""},"categories":[111],"tags":[],"class_list":["post-28490","post","type-post","status-publish","format-standard","hentry","category-public"],"uagb_featured_image_src":{"full":false,"thumbnail":false,"medium":false,"medium_large":false,"large":false,"1536x1536":false,"2048x2048":false,"htmega_size_585x295":false,"htmega_size_1170x536":false,"htmega_size_396x360":false},"uagb_author_info":{"display_name":"epactaambiental","author_link":"https:\/\/epactaambiental.com.br\/index.php\/author\/epactaambiental\/"},"uagb_comment_info":0,"uagb_excerpt":"Halad\u00f3 \u00fatmutat\u00f3 a gy\u00f3gyszergy\u00e1rt\u00e1s leg\u00fajabb trendjeir\u0151l Digit\u00e1lis transzform\u00e1ci\u00f3 a gy\u00f3gyszergy\u00e1rt\u00e1sban Az ipar\u00e1g folyamatos fejl\u0151d\u00e9se \u00e9rdek\u00e9ben a gy\u00f3gyszergy\u00e1rt\u00e1s egyre ink\u00e1bb a digit\u00e1lis technol\u00f3gi\u00e1kra t\u00e1maszkodik. A mesters\u00e9ges intelligencia \u00e9s a big data elemz\u00e9sek forradalmas\u00edtj\u00e1k a gy\u00f3gyszerfejleszt\u00e9st, lehet\u0151v\u00e9 t\u00e9ve a hat\u00e9konyabb kutat\u00e1st \u00e9s az https:\/\/patika-hanna.com\/ gyorsabb piaci bevezet\u00e9st. Ezek az eszk\u00f6z\u00f6k seg\u00edtenek azonos\u00edtani a potenci\u00e1lis gy\u00f3gyszerjel\u00f6lt molekul\u00e1kat, \u00edgy&hellip;","_links":{"self":[{"href":"https:\/\/epactaambiental.com.br\/index.php\/wp-json\/wp\/v2\/posts\/28490","targetHints":{"allow":["GET"]}}],"collection":[{"href":"https:\/\/epactaambiental.com.br\/index.php\/wp-json\/wp\/v2\/posts"}],"about":[{"href":"https:\/\/epactaambiental.com.br\/index.php\/wp-json\/wp\/v2\/types\/post"}],"author":[{"embeddable":true,"href":"https:\/\/epactaambiental.com.br\/index.php\/wp-json\/wp\/v2\/users\/1"}],"replies":[{"embeddable":true,"href":"https:\/\/epactaambiental.com.br\/index.php\/wp-json\/wp\/v2\/comments?post=28490"}],"version-history":[{"count":1,"href":"https:\/\/epactaambiental.com.br\/index.php\/wp-json\/wp\/v2\/posts\/28490\/revisions"}],"predecessor-version":[{"id":28491,"href":"https:\/\/epactaambiental.com.br\/index.php\/wp-json\/wp\/v2\/posts\/28490\/revisions\/28491"}],"wp:attachment":[{"href":"https:\/\/epactaambiental.com.br\/index.php\/wp-json\/wp\/v2\/media?parent=28490"}],"wp:term":[{"taxonomy":"category","embeddable":true,"href":"https:\/\/epactaambiental.com.br\/index.php\/wp-json\/wp\/v2\/categories?post=28490"},{"taxonomy":"post_tag","embeddable":true,"href":"https:\/\/epactaambiental.com.br\/index.php\/wp-json\/wp\/v2\/tags?post=28490"}],"curies":[{"name":"wp","href":"https:\/\/api.w.org\/{rel}","templated":true}]}}