{"id":24807,"date":"2026-03-16T20:40:53","date_gmt":"2026-03-16T23:40:53","guid":{"rendered":"https:\/\/epactaambiental.com.br\/?p=24807"},"modified":"2026-03-17T08:56:59","modified_gmt":"2026-03-17T11:56:59","slug":"popular-poland-dermo","status":"publish","type":"post","link":"https:\/\/epactaambiental.com.br\/index.php\/2026\/03\/16\/popular-poland-dermo\/","title":{"rendered":"Poznaj Krem Dermo-Pro &#8211; Rozwi\u0105zanie dla Twojego Pochodu w Aptece"},"content":{"rendered":"<h2>Poch\u00f3d &#8211; Problem Dla Ciebie i Twojego Partnera<\/h2>\n<p>Czy zauwa\u017cy\u0142e\u015b, \u017ce Twoja sk\u00f3ra pochodowa staje si\u0119 coraz bardziej pofa\u0142dowana, przesuszona i podra\u017cniona? Mo\u017ce to powodowa\u0107 dyskomfort i zmniejsza\u0107 Twoj\u0105 sprawno\u015b\u0107 seksualn\u0105. Nie jeste\u015b sam &#8211; wiele os\u00f3b w Polsce do\u015bwiadcza tego samego problemu.<\/p>\n<h3>Krem Dermo-Pro &#8211; Nowe Rozwi\u0105zanie dla Twojego Pochodu<\/h3>\n<p>Je\u015bli szukasz skutecznego i bezpiecznego rozwi\u0105zania dla Twojego pochodu, to Krem Dermo-Pro to idealny wyb\u00f3r dla Ciebie. Kupuj bezpo\u015brednio na naszej stronie lub w najbli\u017cszej aptece.<\/p>\n<h3>Jak Dzia\u0142a Krem Dermo-Pro?<\/h3>\n<p><em> <strong>Hyaluronian<\/strong>: pomaga utrzyma\u0107 wilgo\u0107 w sk\u00f3rze i poprawia elastyczno\u015b\u0107 <\/em> <strong>Witamina C<\/strong>: chroni sk\u00f3r\u0119 przed szkodliwymi wolnymi rodnikami i poprawia jej koloryt * <strong>Aloe vera<\/strong>: \u0142agodzi podra\u017cnienia i poprawia zdrowie sk\u00f3ry<\/p>\n<p>Krem Dermo-Pro to nowoczesny preparat, kt\u00f3ry zosta\u0142 stworzony z my\u015bl\u0105 o Twoim pochodzie.<\/p>\n<p>Skoncentrowany na sk\u0142adnikach naturalnych, kt\u00f3rych skuteczno\u015b\u0107 zosta\u0142a udowodniona w badaniach, mo\u017ce pom\u00f3c Ci odzyska\u0107 elastyczno\u015b\u0107 i zdrowie Twojej sk\u00f3ry pochodowej.<\/p>\n<p>Krem Dermo-Pro jest bezpieczny i skuteczny. Materia\u0142y s\u0105 wysoko jako\u015bciowe i zosta\u0142y przetestowane w warunkach laboratoryjnych. Nie powoduj\u0105 dzia\u0142a\u0144 niepo\u017c\u0105danych, ale mog\u0105 powodowa\u0107 lekkie podra\u017cnienie w przypadku os\u00f3b z nadwra\u017cliwo\u015bci\u0105.<\/p>\n<h3>Bezpiecze\u0144stwo i Skuteczno\u015b\u0107 Kremu Dermo-Pro<\/h3>\n<p>Oto co powiedzieli o naszym produkcie nasze klienci:<\/p>\n<h3>Co M\u00f3wi\u0105 Nasze Klienci o Kremie Dermo-Pro?<\/h3>\n<p>Krem Dermo-Pro zawiera wyodr\u0119bnione sk\u0142adniki, takie jak:<\/p>\n<p><em> &#8220;Krem Dermo-Pro odzyska\u0142 mi elastyczno\u015b\u0107 i zdrowie sk\u00f3ry pochodowej.&#8221; <\/em> &#8220;Dzi\u0119ki Kremowi Dermo-Pro mog\u0119 ju\u017c nie martwi\u0107 si\u0119 o swoje pochody.&#8221;<\/p>\n<h3>Cz\u0119sto Zadawane Pytania o Krem Dermo-Pro<\/h3>\n<p><em> <strong>Czy Krem Dermo-Pro jest dost\u0119pny w aptece?<\/strong> Tak, mo\u017cesz go kupi\u0107 w najbli\u017cszej aptece lub na naszej stronie. <\/em> <strong>Czy Krem Dermo-Pro jest bezpieczny dla kobiet w ci\u0105\u017cy?<\/strong> Nie, Krem Dermo-Pro nie jest przeznaczony dla kobiet w ci\u0105\u017cy. Je\u015bli masz w\u0105tpliwo\u015bci, skontaktuj si\u0119 z lekarzem lub farmaceut\u0105.<\/p>\n<h3>Zako\u0144czenie &#8211; Krem Dermo-Pro &#8211; Twoje Rozwi\u0105zanie dla Pochodu<\/h3>\n<p><strong>Czy krem Dermo-Pro mo\u017cna kupi\u0107 w aptece?<\/strong> Tak, mo\u017cesz go kupi\u0107 w najbli\u017cszej aptece lub na naszej stronie.<\/p>\n<p><strong>Link do zakupu:<\/strong> <a href=\"https:\/\/atelierkarczech.cz\/jakie-korzysci-niesie\/czy-poland-2026\/\" rel=\"noopener\" target=\"_blank\">krem dermo-pro apteka<\/a><\/p>\n<p>Wa\u017cne jest, aby rozwa\u017cy\u0107 wszystkie dost\u0119pne opcje przed podj\u0119ciem decyzji.<\/p>\n<p>Te sk\u0142adniki wsp\u00f3\u0142pracuj\u0105 ze sob\u0105, aby od\u017cywi\u0107 i ochroni\u0107 Twoj\u0105 sk\u00f3r\u0119 pochodow\u0105, przywracaj\u0105c jej naturaln\u0105 elastyczno\u015b\u0107 i \u0142atwo\u015b\u0107 podra\u017cnie\u0144.<\/p>\n<p><strong>Dermo-pro apteka:<\/strong> Mo\u017cesz kupi\u0107 Krem Dermo-Pro w aptece lub na naszej stronie.<\/p>\n","protected":false},"excerpt":{"rendered":"<p>czy krem dermo-pro mo\u017cna kupi\u0107 w aptece \u2014 Poch\u00f3d &#8211; Problem Dla Ciebie i Twojego Partnera Czy zauwa\u017cy\u0142e\u015b, \u017ce Twoja sk\u00f3ra pochodowa staje si\u0119 coraz bardziej pofa\u0142dowana, przesuszona i podra\u017cniona? Mo\u017ce to powodowa\u0107 dyskomfort i zmniejsza\u0107 Twoj\u0105 sprawno\u015b\u0107 seksualn\u0105.<\/p>\n","protected":false},"author":1,"featured_media":0,"comment_status":"open","ping_status":"open","sticky":false,"template":"","format":"standard","meta":{"_uag_custom_page_level_css":"","site-sidebar-layout":"default","site-content-layout":"default","ast-global-header-display":"","ast-banner-title-visibility":"","ast-main-header-display":"","ast-hfb-above-header-display":"","ast-hfb-below-header-display":"","ast-hfb-mobile-header-display":"","site-post-title":"","ast-breadcrumbs-content":"","ast-featured-img":"","footer-sml-layout":"","theme-transparent-header-meta":"","adv-header-id-meta":"","stick-header-meta":"","header-above-stick-meta":"","header-main-stick-meta":"","header-below-stick-meta":"","footnotes":""},"categories":[134],"tags":[],"class_list":["post-24807","post","type-post","status-publish","format-standard","hentry","category-jakie-korzysci-niesie"],"uagb_featured_image_src":{"full":false,"thumbnail":false,"medium":false,"medium_large":false,"large":false,"1536x1536":false,"2048x2048":false,"htmega_size_585x295":false,"htmega_size_1170x536":false,"htmega_size_396x360":false},"uagb_author_info":{"display_name":"epactaambiental","author_link":"https:\/\/epactaambiental.com.br\/index.php\/author\/epactaambiental\/"},"uagb_comment_info":0,"uagb_excerpt":"czy krem dermo-pro mo\u017cna kupi\u0107 w aptece \u2014 Poch\u00f3d - Problem Dla Ciebie i Twojego Partnera Czy zauwa\u017cy\u0142e\u015b, \u017ce Twoja sk\u00f3ra pochodowa staje si\u0119 coraz bardziej pofa\u0142dowana, przesuszona i podra\u017cniona? Mo\u017ce to powodowa\u0107 dyskomfort i zmniejsza\u0107 Twoj\u0105 sprawno\u015b\u0107 seksualn\u0105.","_links":{"self":[{"href":"https:\/\/epactaambiental.com.br\/index.php\/wp-json\/wp\/v2\/posts\/24807","targetHints":{"allow":["GET"]}}],"collection":[{"href":"https:\/\/epactaambiental.com.br\/index.php\/wp-json\/wp\/v2\/posts"}],"about":[{"href":"https:\/\/epactaambiental.com.br\/index.php\/wp-json\/wp\/v2\/types\/post"}],"author":[{"embeddable":true,"href":"https:\/\/epactaambiental.com.br\/index.php\/wp-json\/wp\/v2\/users\/1"}],"replies":[{"embeddable":true,"href":"https:\/\/epactaambiental.com.br\/index.php\/wp-json\/wp\/v2\/comments?post=24807"}],"version-history":[{"count":1,"href":"https:\/\/epactaambiental.com.br\/index.php\/wp-json\/wp\/v2\/posts\/24807\/revisions"}],"predecessor-version":[{"id":24808,"href":"https:\/\/epactaambiental.com.br\/index.php\/wp-json\/wp\/v2\/posts\/24807\/revisions\/24808"}],"wp:attachment":[{"href":"https:\/\/epactaambiental.com.br\/index.php\/wp-json\/wp\/v2\/media?parent=24807"}],"wp:term":[{"taxonomy":"category","embeddable":true,"href":"https:\/\/epactaambiental.com.br\/index.php\/wp-json\/wp\/v2\/categories?post=24807"},{"taxonomy":"post_tag","embeddable":true,"href":"https:\/\/epactaambiental.com.br\/index.php\/wp-json\/wp\/v2\/tags?post=24807"}],"curies":[{"name":"wp","href":"https:\/\/api.w.org\/{rel}","templated":true}]}}