{"id":24669,"date":"2026-03-16T04:56:05","date_gmt":"2026-03-16T07:56:05","guid":{"rendered":"https:\/\/epactaambiental.com.br\/?p=24669"},"modified":"2026-03-16T11:55:21","modified_gmt":"2026-03-16T14:55:21","slug":"zanie-fleboxin-2026","status":"publish","type":"post","link":"https:\/\/epactaambiental.com.br\/index.php\/2026\/03\/16\/zanie-fleboxin-2026\/","title":{"rendered":"Odwied\u017a cen\u0119 Fleboxin online &#8211; Rozwi\u0105zanie dla Twojego Zdrowia"},"content":{"rendered":"<h2>Czy masz problemy ze st\u0142uczeniami, urazami lub oparzeniami?<\/h2>\n<p>Je\u015bli tak, to nie jeste\u015b sam. St\u0142uczenia, urazy, oparzenia &#8211; to cz\u0119ste problemy, kt\u00f3re dotykaj\u0105 miliony ludzi w Polsce.<\/p>\n<p>B\u00f3l i niepe\u0142nosprawno\u015b\u0107 mog\u0105 znacznie ograniczy\u0107 Twoj\u0105 aktywno\u015b\u0107 i jako\u015b\u0107 \u017cycia. Ale istnieje rozwi\u0105zanie!<\/p>\n<h3>Czy wiesz, \u017ce leki przeciwzapalne, takie jak Fleboxin, mog\u0105 by\u0107 skutecznym rozwi\u0105zaniem dla Twojego b\u00f3lu?<\/h3>\n<p>Zrozumienie szczeg\u00f3\u0142\u00f3w mo\u017ce znacz\u0105co poprawi\u0107 og\u00f3lne wra\u017cenia.<\/p>\n<p>Fleboxin dzia\u0142a poprzez hamowanie produkcji prostaglandyn, kt\u00f3re s\u0105 odpowiedzialne za b\u00f3l i stan zapalny. Sk\u0142ada si\u0119 z aktywnego sk\u0142adnika, kt\u00f3ry jest odpowiedzialny za \u0142agodzenie b\u00f3lu i zmniejszenie stanu zapalnego.<\/p>\n<h3>Jak dzia\u0142a Fleboxin?<\/h3>\n<p>Fleboxin to nowoczesny lek przeciwzapalny, kt\u00f3ry mo\u017ce pom\u00f3c w \u0142agodzeniu b\u00f3lu i zmniejszeniu stanu zapalnego w organizmie. Jest to skuteczne rozwi\u0105zanie dla Twojego b\u00f3lu i zapalenia.<\/p>\n<h3>Jakie s\u0105 zalety Fleboxin?<\/h3>\n<p>Zobacz, co m\u00f3wi\u0105 o Fleboxin nasze klienci: [link do opinii klient\u00f3w].<\/p>\n<h3>Jakie s\u0105 skutki uboczne Fleboxin?<\/h3>\n<p>Zobacz, jak Fleboxin pom\u00f3g\u0142 w \u0142agodzeniu b\u00f3lu i zmniejszeniu stanu zapalnego w organizmie: [link do zdj\u0119\u0107].<\/p>\n<p>Fleboxin mo\u017ce pom\u00f3c w \u0142agodzeniu b\u00f3lu i zmniejszeniu stanu zapalnego, co mo\u017ce poprawi\u0107 Twoj\u0105 jako\u015b\u0107 \u017cycia. Jest to skuteczne rozwi\u0105zanie dla Twojego b\u00f3lu i zapalenia.<\/p>\n<h3>Czy Fleboxin jest dost\u0119pny w aptece online?<\/h3>\n<p>Tak, Fleboxin jest dost\u0119pny w aptece online na stronie <a href=\"https:\/\/darycomllc.com\/expert-poland-cenie\/\" rel=\"noopener\" target=\"_blank\">sprawd\u017a cen\u0119 Fleboxin online<\/a>.<\/p>\n<h3>Jak d\u0142ugo trwa dzia\u0142anie Fleboxin?<\/h3>\n<p>Tak, Fleboxin jest pewny, ale mo\u017ce mie\u0107 skutki uboczne.<\/p>\n<h3>Czy Fleboxin jest pewny?<\/h3>\n<p><em> B\u00f3l g\u0142owy <\/em> Senno\u015b\u0107 * Zesp\u00f3\u0142 b\u00f3lowy w jamie brzusznej<\/p>\n<h3>Opinie klient\u00f3w<\/h3>\n<p>Przy tak wielu dost\u0119pnych alternatywach znalezienie w\u0142a\u015bciwej opcji nigdy nie by\u0142o \u0142atwiejsze.<\/p>\n<p>Zobacz nasz\u0105 sekcj\u0119 FAQ, aby dowiedzie\u0107 si\u0119 wi\u0119cej o Fleboxin: [link do sekcji FAQ].<\/p>\n<h3>Zdj\u0119cia przed i po<\/h3>\n<p>Fleboxin mo\u017ce dzia\u0142a\u0107 przez okres 7-14 dni.<\/p>\n<h3>Czy masz wi\u0119cej pyta\u0144?<\/h3>\n<p>Fleboxin, jak ka\u017cdy lek, mo\u017ce mie\u0107 skutki uboczne. Oto najcz\u0119stsze z nich:<\/p>\n<h3>Zako\u0144czenie<\/h3>\n<p>Fleboxin to skuteczne rozwi\u0105zanie dla Twojego b\u00f3lu i zapalenia. Zapoznaj si\u0119 cen\u0119 Fleboxin online i kupuj bezpo\u015brednio w aptece online na stronie <a href=\"https:\/\/darycomllc.com\/expert-poland-cenie\/\" rel=\"noopener\" target=\"_blank\">sprawd\u017a cen\u0119 Fleboxin online<\/a>.<\/p>\n","protected":false},"excerpt":{"rendered":"<p>fleboxin cena w aptece \u2014 Czy masz problemy ze st\u0142uczeniami, urazami lub oparzeniami? Je\u015bli tak, to nie jeste\u015b sam.<\/p>\n","protected":false},"author":1,"featured_media":0,"comment_status":"open","ping_status":"open","sticky":false,"template":"","format":"standard","meta":{"_uag_custom_page_level_css":"","site-sidebar-layout":"default","site-content-layout":"default","ast-global-header-display":"","ast-banner-title-visibility":"","ast-main-header-display":"","ast-hfb-above-header-display":"","ast-hfb-below-header-display":"","ast-hfb-mobile-header-display":"","site-post-title":"","ast-breadcrumbs-content":"","ast-featured-img":"","footer-sml-layout":"","theme-transparent-header-meta":"","adv-header-id-meta":"","stick-header-meta":"","header-above-stick-meta":"","header-main-stick-meta":"","header-below-stick-meta":"","footnotes":""},"categories":[131],"tags":[],"class_list":["post-24669","post","type-post","status-publish","format-standard","hentry","category-fleboxin-w-aptece"],"uagb_featured_image_src":{"full":false,"thumbnail":false,"medium":false,"medium_large":false,"large":false,"1536x1536":false,"2048x2048":false,"htmega_size_585x295":false,"htmega_size_1170x536":false,"htmega_size_396x360":false},"uagb_author_info":{"display_name":"epactaambiental","author_link":"https:\/\/epactaambiental.com.br\/index.php\/author\/epactaambiental\/"},"uagb_comment_info":0,"uagb_excerpt":"fleboxin cena w aptece \u2014 Czy masz problemy ze st\u0142uczeniami, urazami lub oparzeniami? Je\u015bli tak, to nie jeste\u015b sam.","_links":{"self":[{"href":"https:\/\/epactaambiental.com.br\/index.php\/wp-json\/wp\/v2\/posts\/24669","targetHints":{"allow":["GET"]}}],"collection":[{"href":"https:\/\/epactaambiental.com.br\/index.php\/wp-json\/wp\/v2\/posts"}],"about":[{"href":"https:\/\/epactaambiental.com.br\/index.php\/wp-json\/wp\/v2\/types\/post"}],"author":[{"embeddable":true,"href":"https:\/\/epactaambiental.com.br\/index.php\/wp-json\/wp\/v2\/users\/1"}],"replies":[{"embeddable":true,"href":"https:\/\/epactaambiental.com.br\/index.php\/wp-json\/wp\/v2\/comments?post=24669"}],"version-history":[{"count":1,"href":"https:\/\/epactaambiental.com.br\/index.php\/wp-json\/wp\/v2\/posts\/24669\/revisions"}],"predecessor-version":[{"id":24670,"href":"https:\/\/epactaambiental.com.br\/index.php\/wp-json\/wp\/v2\/posts\/24669\/revisions\/24670"}],"wp:attachment":[{"href":"https:\/\/epactaambiental.com.br\/index.php\/wp-json\/wp\/v2\/media?parent=24669"}],"wp:term":[{"taxonomy":"category","embeddable":true,"href":"https:\/\/epactaambiental.com.br\/index.php\/wp-json\/wp\/v2\/categories?post=24669"},{"taxonomy":"post_tag","embeddable":true,"href":"https:\/\/epactaambiental.com.br\/index.php\/wp-json\/wp\/v2\/tags?post=24669"}],"curies":[{"name":"wp","href":"https:\/\/api.w.org\/{rel}","templated":true}]}}